{"id":10167,"date":"2024-02-21T13:00:00","date_gmt":"2024-02-21T11:00:00","guid":{"rendered":"https:\/\/www.gatv.ssr.upm.es\/?p=10167"},"modified":"2024-05-09T09:42:43","modified_gmt":"2024-05-09T07:42:43","slug":"la-upm-y-rtve-renuevan-la-catedra-para-mantener-su-alianza-y-desarrollar-proyectos-tecnologicos-en-el-sector-audiovisual","status":"publish","type":"post","link":"https:\/\/www.gatv.ssr.upm.es\/index.php\/2024\/02\/21\/la-upm-y-rtve-renuevan-la-catedra-para-mantener-su-alianza-y-desarrollar-proyectos-tecnologicos-en-el-sector-audiovisual\/","title":{"rendered":"La UPM y RTVE renuevan la c\u00e1tedra para mantener su alianza y desarrollar proyectos tecnol\u00f3gicos en el sector audiovisual"},"content":{"rendered":"\n<p>El rector de la Universidad Polit\u00e9cnica de Madrid (<a href=\"https:\/\/www.upm.es\/\" target=\"_blank\" rel=\"noreferrer noopener\">UPM<\/a>), Guillermo Cisneros, y el secretario general del Consejo de Administraci\u00f3n de\u00a0<a href=\"http:\/\/www.rtve.es\/\" target=\"_blank\" rel=\"noreferrer noopener\">RTVE<\/a>, Alfonso Morales, han firmado este mi\u00e9rcoles la renovaci\u00f3n del convenio espec\u00edfico de cooperaci\u00f3n entre ambas entidades hasta 2026. Un acuerdo que se prolonga ya durante m\u00e1s de dos d\u00e9cadas. <\/p>\n\n\n\n<p>Cisneros ha destacado la importancia de este tipo de acuerdos porque \u201cla UPM siempre ha trabajado para posibilitar la transferencia tecnol\u00f3gica con empresas y entidades de los diferentes sectores vinculados a la ingenier\u00eda\u201d.<\/p>\n\n\n\n<p>La C\u00e1tedra RTVE se crea en 2015, pero mucho antes, desde 2004, la ETSI de Telecomunicaci\u00f3n (sede de la C\u00e1tedra) viene colaborando en diferentes proyectos de investigaci\u00f3n para el desarrollo de las telecomunicaciones vinculados a la distribuci\u00f3n de contenidos audiovisuales. En 2006 se llevaron a cabo las primeras emisiones experimentales de UHD en TDT o las primeras emisiones en pruebas de alta definici\u00f3n en TDT que inclu\u00edan servicios interactivos (Campus HD, 2006).<\/p>\n\n\n\n<p>Desde la C\u00e1tedra se han llevado a cabo proyectos en el campo de la&nbsp;<strong>UHD (Ultra Alta Definici\u00f3n)<\/strong>, pruebas de emisi\u00f3n en UHD, y las llevadas a cabo en TDT o pruebas de mejora de se\u00f1al con mayor sensaci\u00f3n de inmersi\u00f3n en UHD (incluyendo HDR, WCG, HFR o audio de nueva generaci\u00f3n).<\/p>\n\n\n\n<p>Aparte de producir contenidos espec\u00edficos en UHD, se ha estudiado su comportamiento en los distintos elementos que conforman la cadena de valor extremo a extremo para las emisiones en directo, desde la captaci\u00f3n hasta la recepci\u00f3n. Para ello, se han utilizado como plataformas de distribuci\u00f3n la TDT, el sat\u00e9lite (DVB-S2) y la televisi\u00f3n h\u00edbrida.<\/p>\n\n\n\n<p>El director de la C\u00e1tedra RTVE-UPM, Jos\u00e9 Manuel Men\u00e9ndez, catedr\u00e1tico de la\u00a0<a href=\"http:\/\/www.etsit.upm.es\/\">Escuela T\u00e9cnica Superior de Ingenieros de Telecomunicaci\u00f3n<\/a>\u00a0(ETSIT), ha recordado que la renovaci\u00f3n es fruto del trabajo desarrollado durante los \u00faltimos nueve a\u00f1os. \u201cPone en valor los resultados obtenidos en m\u00faltiples pilotos de emisi\u00f3n en los que hemos probado diferentes tecnolog\u00edas de transporte de se\u00f1al en producci\u00f3n y a los usuarios finales, y tambi\u00e9n hemos demostrado la viabilidad de trabajar con se\u00f1al UHD [ultra alta definici\u00f3n] a pesar de su complejidad\u201d, ha manifestado. Tambi\u00e9n ha destacado el papel del comit\u00e9 asesor de la c\u00e1tedra, compuesto por Cellnex, Dolby, SAPEC y la corporaci\u00f3n Telev\u00e9s, \u201csin los que no hubiera sido posible llevar adelante estos avances tecnol\u00f3gicos\u201d.<\/p>\n","protected":false},"excerpt":{"rendered":"<p>El rector de la Universidad Polit\u00e9cnica de Madrid (UPM), Guillermo Cisneros, y el secretario general del Consejo de Administraci\u00f3n de\u00a0RTVE, Alfonso Morales, han firmado este mi\u00e9rcoles la renovaci\u00f3n del convenio espec\u00edfico de cooperaci\u00f3n entre ambas entidades hasta 2026. Un acuerdo que se prolonga ya durante m\u00e1s de dos d\u00e9cadas. Cisneros ha destacado la importancia de [&hellip;]<\/p>\n","protected":false},"author":7,"featured_media":10169,"comment_status":"closed","ping_status":"open","sticky":false,"template":"","format":"standard","meta":{"_acf_changed":false,"footnotes":""},"categories":[430,1879],"tags":[73,72],"class_list":["post-10167","post","type-post","status-publish","format-standard","has-post-thumbnail","hentry","category-catedra-rtve-2","category-espanol","tag-gatv","tag-upm"],"acf":[],"_links":{"self":[{"href":"https:\/\/www.gatv.ssr.upm.es\/index.php\/wp-json\/wp\/v2\/posts\/10167","targetHints":{"allow":["GET"]}}],"collection":[{"href":"https:\/\/www.gatv.ssr.upm.es\/index.php\/wp-json\/wp\/v2\/posts"}],"about":[{"href":"https:\/\/www.gatv.ssr.upm.es\/index.php\/wp-json\/wp\/v2\/types\/post"}],"author":[{"embeddable":true,"href":"https:\/\/www.gatv.ssr.upm.es\/index.php\/wp-json\/wp\/v2\/users\/7"}],"replies":[{"embeddable":true,"href":"https:\/\/www.gatv.ssr.upm.es\/index.php\/wp-json\/wp\/v2\/comments?post=10167"}],"version-history":[{"count":1,"href":"https:\/\/www.gatv.ssr.upm.es\/index.php\/wp-json\/wp\/v2\/posts\/10167\/revisions"}],"predecessor-version":[{"id":10168,"href":"https:\/\/www.gatv.ssr.upm.es\/index.php\/wp-json\/wp\/v2\/posts\/10167\/revisions\/10168"}],"wp:featuredmedia":[{"embeddable":true,"href":"https:\/\/www.gatv.ssr.upm.es\/index.php\/wp-json\/wp\/v2\/media\/10169"}],"wp:attachment":[{"href":"https:\/\/www.gatv.ssr.upm.es\/index.php\/wp-json\/wp\/v2\/media?parent=10167"}],"wp:term":[{"taxonomy":"category","embeddable":true,"href":"https:\/\/www.gatv.ssr.upm.es\/index.php\/wp-json\/wp\/v2\/categories?post=10167"},{"taxonomy":"post_tag","embeddable":true,"href":"https:\/\/www.gatv.ssr.upm.es\/index.php\/wp-json\/wp\/v2\/tags?post=10167"}],"curies":[{"name":"wp","href":"https:\/\/api.w.org\/{rel}","templated":true}]}}