{"id":10298,"date":"2024-11-29T12:42:46","date_gmt":"2024-11-29T10:42:46","guid":{"rendered":"https:\/\/www.gatv.ssr.upm.es\/?p=10298"},"modified":"2024-11-29T12:44:43","modified_gmt":"2024-11-29T10:44:43","slug":"rtve-entrega-un-premio-a-la-excelencia-academica-en-la-etsit-de-la-universidad-politecnica-de-madrid","status":"publish","type":"post","link":"https:\/\/www.gatv.ssr.upm.es\/index.php\/2024\/11\/29\/rtve-entrega-un-premio-a-la-excelencia-academica-en-la-etsit-de-la-universidad-politecnica-de-madrid\/","title":{"rendered":"RTVE entrega un premio a la excelencia acad\u00e9mica en la ETSIT de la Universidad Polit\u00e9cnica de Madrid"},"content":{"rendered":"\n<p>La&nbsp;<strong>Escuela T\u00e9cnica Superior de Ingenieros de Telecomunicaci\u00f3n (ETSIT)<\/strong>&nbsp;de la&nbsp;<strong>Universidad Polit\u00e9cnica de Madrid<\/strong>&nbsp;ha celebrado la entrega de los&nbsp;<strong>Premios ETSIT-Empresa<\/strong>&nbsp;a los mejores estudiantes de grado y m\u00e1ster del curso 2023-2024. Hasta all\u00ed se ha acercado el Centro de Innovaci\u00f3n y Observaci\u00f3n del Conocimiento de RTVE, representado por su Subdirector,&nbsp;<strong>Esteban Mayoral<\/strong>, que ha entregado el reconocimiento a&nbsp;<strong>David Barbero Garc\u00eda<\/strong>, mejor expediente en el itinerario de Sistemas Audiovisuales del Grado en Ingenier\u00eda de Tecnolog\u00edas y Servicios de Telecomunicaci\u00f3n. En el acto tambi\u00e9n recibieron reconocimiento los dem\u00e1s estudiantes con mejores notas, el personal recientemente jubilado, los mejores trabajos de fin de titulaci\u00f3n y se entreg\u00f3 el Premio ETSIT-UPM y los premios que concede el Colegio Oficial de Ingenieros T\u00e9cnicos de Telecomunicaci\u00f3n y el Colegio Oficial de Ingenieros de Telecomunicaci\u00f3n.<\/p>\n\n\n\n<p>Durante el acto, el&nbsp;<strong>Rector Guillermo Cisneros<\/strong>&nbsp;ha agradecido la presencia de las entidades patrocinadoras \u201cimplicadas en el tejido de la Escuela, de la Universidad\u201d. Ambas instituciones, RTVE y la UPM, consolidan desde 2014 su compromiso con la transferencia de conocimiento a trav\u00e9s de la&nbsp;<strong><a href=\"https:\/\/catedra.rtve.etsit.upm.es\/\">C\u00e1tedra RTVE-UPM<\/a><\/strong>&nbsp;sobre nuevos formatos de se\u00f1al audiovisual y nuevas tecnolog\u00edas de transporte y difusi\u00f3n de se\u00f1al. Por su parte, el Subdirector del Centro de Innovaci\u00f3n,&nbsp;<strong>Esteban Mayoral<\/strong>, se refiri\u00f3 a su papel como&nbsp;<strong><a href=\"https:\/\/www.rtve.es\/corporacion\/catedras-rtve\/\">C\u00e1tedra<\/a><\/strong>&nbsp;pionera de la red de RTVE y agradeci\u00f3 a su director, el profesor&nbsp;<strong>Jos\u00e9 Manuel Men\u00e9ndez<\/strong>&nbsp;y al resto del personal investigador, su labor para sentar las bases de las diez posteriores.<\/p>\n","protected":false},"excerpt":{"rendered":"<p>La&nbsp;Escuela T\u00e9cnica Superior de Ingenieros de Telecomunicaci\u00f3n (ETSIT)&nbsp;de la&nbsp;Universidad Polit\u00e9cnica de Madrid&nbsp;ha celebrado la entrega de los&nbsp;Premios ETSIT-Empresa&nbsp;a los mejores estudiantes de grado y m\u00e1ster del curso 2023-2024. Hasta all\u00ed se ha acercado el Centro de Innovaci\u00f3n y Observaci\u00f3n del Conocimiento de RTVE, representado por su Subdirector,&nbsp;Esteban Mayoral, que ha entregado el reconocimiento a&nbsp;David Barbero [&hellip;]<\/p>\n","protected":false},"author":7,"featured_media":10303,"comment_status":"closed","ping_status":"open","sticky":false,"template":"","format":"standard","meta":{"_acf_changed":false,"footnotes":""},"categories":[430,1879],"tags":[],"class_list":["post-10298","post","type-post","status-publish","format-standard","has-post-thumbnail","hentry","category-catedra-rtve-2","category-espanol"],"acf":[],"_links":{"self":[{"href":"https:\/\/www.gatv.ssr.upm.es\/index.php\/wp-json\/wp\/v2\/posts\/10298","targetHints":{"allow":["GET"]}}],"collection":[{"href":"https:\/\/www.gatv.ssr.upm.es\/index.php\/wp-json\/wp\/v2\/posts"}],"about":[{"href":"https:\/\/www.gatv.ssr.upm.es\/index.php\/wp-json\/wp\/v2\/types\/post"}],"author":[{"embeddable":true,"href":"https:\/\/www.gatv.ssr.upm.es\/index.php\/wp-json\/wp\/v2\/users\/7"}],"replies":[{"embeddable":true,"href":"https:\/\/www.gatv.ssr.upm.es\/index.php\/wp-json\/wp\/v2\/comments?post=10298"}],"version-history":[{"count":1,"href":"https:\/\/www.gatv.ssr.upm.es\/index.php\/wp-json\/wp\/v2\/posts\/10298\/revisions"}],"predecessor-version":[{"id":10299,"href":"https:\/\/www.gatv.ssr.upm.es\/index.php\/wp-json\/wp\/v2\/posts\/10298\/revisions\/10299"}],"wp:featuredmedia":[{"embeddable":true,"href":"https:\/\/www.gatv.ssr.upm.es\/index.php\/wp-json\/wp\/v2\/media\/10303"}],"wp:attachment":[{"href":"https:\/\/www.gatv.ssr.upm.es\/index.php\/wp-json\/wp\/v2\/media?parent=10298"}],"wp:term":[{"taxonomy":"category","embeddable":true,"href":"https:\/\/www.gatv.ssr.upm.es\/index.php\/wp-json\/wp\/v2\/categories?post=10298"},{"taxonomy":"post_tag","embeddable":true,"href":"https:\/\/www.gatv.ssr.upm.es\/index.php\/wp-json\/wp\/v2\/tags?post=10298"}],"curies":[{"name":"wp","href":"https:\/\/api.w.org\/{rel}","templated":true}]}}