{"id":10473,"date":"2025-09-18T13:44:32","date_gmt":"2025-09-18T11:44:32","guid":{"rendered":"https:\/\/www.gatv.ssr.upm.es\/?p=10473"},"modified":"2025-09-18T13:44:33","modified_gmt":"2025-09-18T11:44:33","slug":"fallece-el-co-fundador-de-gatv-jose-manuel-menendez","status":"publish","type":"post","link":"https:\/\/www.gatv.ssr.upm.es\/index.php\/2025\/09\/18\/fallece-el-co-fundador-de-gatv-jose-manuel-menendez\/","title":{"rendered":"Fallece el co-fundador de GATV, Jos\u00e9 Manuel Men\u00e9ndez"},"content":{"rendered":"\n<p>Desde el GATV lamentamos comunicar la p\u00e9rdida de nuestro compa\u00f1ero Jos\u00e9 Manuel Men\u00e9ndez, profesor y Catedr\u00e1tico de Universidad del Departamento de Se\u00f1ales, Sistemas y Radiocomunicaciones de la E.T.S. de Ingenieros de Telecomunicaci\u00f3n de la Universidad Polit\u00e9cnica de Madrid.<\/p>\n\n\n\n<p>Jos\u00e9 Manuel ha sido fundador del Grupo de Aplicaci\u00f3n de Telecomunicaciones Visuales (GATV), adem\u00e1s de director desde su creaci\u00f3n en 2004 hasta 2019. Su labor investigadora e innovadora en el campo de las tecnolog\u00edas audiovisuales fructific\u00f3 en la creaci\u00f3n de la C\u00e1tedra RTVE en la UPM y cuya direcci\u00f3n ostent\u00f3 desde enero de 2015.<\/p>\n\n\n\n<p>Su visi\u00f3n y su entrega hicieron posible el nacimiento de este grupo y sent\u00f3 las bases para su s\u00f3lido crecimiento hasta la actualidad. Su legado acad\u00e9mico y humano quedar\u00e1 ligado al grupo y a la universidad como un gran ejemplo de compromiso y profesionalidad dentro y fuera del aula. <\/p>\n\n\n\n<p><\/p>\n\n\n\n<p><\/p>\n\n\n\n<p><\/p>\n\n\n\n<p><\/p>\n","protected":false},"excerpt":{"rendered":"<p>Desde el GATV lamentamos comunicar la p\u00e9rdida de nuestro compa\u00f1ero Jos\u00e9 Manuel Men\u00e9ndez, profesor y Catedr\u00e1tico de Universidad del Departamento de Se\u00f1ales, Sistemas y Radiocomunicaciones de la E.T.S. de Ingenieros de Telecomunicaci\u00f3n de la Universidad Polit\u00e9cnica de Madrid. Jos\u00e9 Manuel ha sido fundador del Grupo de Aplicaci\u00f3n de Telecomunicaciones Visuales (GATV), adem\u00e1s de director desde [&hellip;]<\/p>\n","protected":false},"author":7,"featured_media":10477,"comment_status":"closed","ping_status":"open","sticky":false,"template":"","format":"standard","meta":{"_acf_changed":false,"footnotes":""},"categories":[1879],"tags":[],"class_list":["post-10473","post","type-post","status-publish","format-standard","has-post-thumbnail","hentry","category-espanol"],"acf":[],"_links":{"self":[{"href":"https:\/\/www.gatv.ssr.upm.es\/index.php\/wp-json\/wp\/v2\/posts\/10473","targetHints":{"allow":["GET"]}}],"collection":[{"href":"https:\/\/www.gatv.ssr.upm.es\/index.php\/wp-json\/wp\/v2\/posts"}],"about":[{"href":"https:\/\/www.gatv.ssr.upm.es\/index.php\/wp-json\/wp\/v2\/types\/post"}],"author":[{"embeddable":true,"href":"https:\/\/www.gatv.ssr.upm.es\/index.php\/wp-json\/wp\/v2\/users\/7"}],"replies":[{"embeddable":true,"href":"https:\/\/www.gatv.ssr.upm.es\/index.php\/wp-json\/wp\/v2\/comments?post=10473"}],"version-history":[{"count":4,"href":"https:\/\/www.gatv.ssr.upm.es\/index.php\/wp-json\/wp\/v2\/posts\/10473\/revisions"}],"predecessor-version":[{"id":11241,"href":"https:\/\/www.gatv.ssr.upm.es\/index.php\/wp-json\/wp\/v2\/posts\/10473\/revisions\/11241"}],"wp:featuredmedia":[{"embeddable":true,"href":"https:\/\/www.gatv.ssr.upm.es\/index.php\/wp-json\/wp\/v2\/media\/10477"}],"wp:attachment":[{"href":"https:\/\/www.gatv.ssr.upm.es\/index.php\/wp-json\/wp\/v2\/media?parent=10473"}],"wp:term":[{"taxonomy":"category","embeddable":true,"href":"https:\/\/www.gatv.ssr.upm.es\/index.php\/wp-json\/wp\/v2\/categories?post=10473"},{"taxonomy":"post_tag","embeddable":true,"href":"https:\/\/www.gatv.ssr.upm.es\/index.php\/wp-json\/wp\/v2\/tags?post=10473"}],"curies":[{"name":"wp","href":"https:\/\/api.w.org\/{rel}","templated":true}]}}