{"id":3793,"date":"2016-06-27T08:52:28","date_gmt":"2016-06-27T06:52:28","guid":{"rendered":"http:\/\/www.gatv.ssr.upm.es\/wordpress\/?p=3793"},"modified":"2023-02-10T14:13:25","modified_gmt":"2023-02-10T12:13:25","slug":"cellnex-emitira-en-uhd-4k-desde-torrespana","status":"publish","type":"post","link":"https:\/\/www.gatv.ssr.upm.es\/index.php\/2016\/06\/27\/cellnex-emitira-en-uhd-4k-desde-torrespana\/","title":{"rendered":"Cellnex emitir\u00e1 en UHD 4K desde Torrespa\u00f1a"},"content":{"rendered":"<p>Coincidiendo con la celebraci\u00f3n de BIT 2016, Cellnex emitir\u00e1 en UHD 4K para todo Madrid.\u00a0 Pod\u00e9is leer la noticia en <a href=\"http:\/\/www.panoramaaudiovisual.com\/2016\/05\/20\/coincidiendo-con-bit-2016-cellnex-emitira-en-uhd-4k-desde-torrespana-para-todo-madrid\/\">este enlace<\/a> de Panorama Audiovisual, el portal profesional del sector del broadcast.\u00a0 Como ya sab\u00e9is, Cellnex es una de las empresas que colaboran en la C\u00e1tedra RTVE en la ETSIT &#8211; UPM.<\/p>\n","protected":false},"excerpt":{"rendered":"<p>Coincidiendo con la celebraci\u00f3n de BIT 2016, Cellnex emitir\u00e1 en UHD 4K para todo Madrid.\u00a0 Pod\u00e9is leer la noticia en este enlace de Panorama Audiovisual, el portal profesional del sector del broadcast.\u00a0 Como ya sab\u00e9is, Cellnex es una de las empresas que colaboran en la C\u00e1tedra RTVE en la ETSIT &#8211; UPM.<\/p>\n","protected":false},"author":3,"featured_media":3811,"comment_status":"closed","ping_status":"closed","sticky":false,"template":"","format":"standard","meta":{"_acf_changed":false,"footnotes":""},"categories":[1931,43],"tags":[],"class_list":["post-3793","post","type-post","status-publish","format-standard","has-post-thumbnail","hentry","category-anterior","category-noticias"],"acf":[],"_links":{"self":[{"href":"https:\/\/www.gatv.ssr.upm.es\/index.php\/wp-json\/wp\/v2\/posts\/3793","targetHints":{"allow":["GET"]}}],"collection":[{"href":"https:\/\/www.gatv.ssr.upm.es\/index.php\/wp-json\/wp\/v2\/posts"}],"about":[{"href":"https:\/\/www.gatv.ssr.upm.es\/index.php\/wp-json\/wp\/v2\/types\/post"}],"author":[{"embeddable":true,"href":"https:\/\/www.gatv.ssr.upm.es\/index.php\/wp-json\/wp\/v2\/users\/3"}],"replies":[{"embeddable":true,"href":"https:\/\/www.gatv.ssr.upm.es\/index.php\/wp-json\/wp\/v2\/comments?post=3793"}],"version-history":[{"count":2,"href":"https:\/\/www.gatv.ssr.upm.es\/index.php\/wp-json\/wp\/v2\/posts\/3793\/revisions"}],"predecessor-version":[{"id":3812,"href":"https:\/\/www.gatv.ssr.upm.es\/index.php\/wp-json\/wp\/v2\/posts\/3793\/revisions\/3812"}],"wp:featuredmedia":[{"embeddable":true,"href":"https:\/\/www.gatv.ssr.upm.es\/index.php\/wp-json\/wp\/v2\/media\/3811"}],"wp:attachment":[{"href":"https:\/\/www.gatv.ssr.upm.es\/index.php\/wp-json\/wp\/v2\/media?parent=3793"}],"wp:term":[{"taxonomy":"category","embeddable":true,"href":"https:\/\/www.gatv.ssr.upm.es\/index.php\/wp-json\/wp\/v2\/categories?post=3793"},{"taxonomy":"post_tag","embeddable":true,"href":"https:\/\/www.gatv.ssr.upm.es\/index.php\/wp-json\/wp\/v2\/tags?post=3793"}],"curies":[{"name":"wp","href":"https:\/\/api.w.org\/{rel}","templated":true}]}}