{"id":3813,"date":"2016-06-29T14:15:38","date_gmt":"2016-06-29T12:15:38","guid":{"rendered":"http:\/\/www.gatv.ssr.upm.es\/wordpress\/?p=3813"},"modified":"2023-02-10T14:12:51","modified_gmt":"2023-02-10T12:12:51","slug":"nueva-junta-directiva-de-la-plataforma-tecnologica-nem","status":"publish","type":"post","link":"https:\/\/www.gatv.ssr.upm.es\/index.php\/2016\/06\/29\/nueva-junta-directiva-de-la-plataforma-tecnologica-nem\/","title":{"rendered":"Nueva Junta Directiva de la plataforma tecnol\u00f3gica NEM"},"content":{"rendered":"\n<style type=\"text\/css\" data-created_by=\"avia_inline_auto\" id=\"style-css-av-av_one_half-9497bbf8bff73ea4c6992cc17fa9ec36\">\n.flex_column.av-av_one_half-9497bbf8bff73ea4c6992cc17fa9ec36{\nborder-radius:0px 0px 0px 0px;\n-webkit-border-radius:0px 0px 0px 0px;\n-moz-border-radius:0px 0px 0px 0px;\n}\n<\/style>\n<div class='flex_column av-av_one_half-9497bbf8bff73ea4c6992cc17fa9ec36 av_one_half  avia-builder-el-0  el_before_av_one_half  avia-builder-el-first  first flex_column_div av-zero-column-padding '   ><style type=\"text\/css\" data-created_by=\"avia_inline_auto\" id=\"style-css-av-av_image-627d72f35caeef79deb9d4f62f489e74\">\n.avia-image-container.av-av_image-627d72f35caeef79deb9d4f62f489e74 .av-image-caption-overlay-center{\ncolor:#ffffff;\n}\n<\/style>\n<div  class='avia-image-container av-av_image-627d72f35caeef79deb9d4f62f489e74 av-styling- avia-align-center  avia-builder-el-1  avia-builder-el-no-sibling '  itemprop=\"image\" itemscope=\"itemscope\" itemtype=\"https:\/\/schema.org\/ImageObject\" ><div class=\"avia-image-container-inner\"><div class=\"avia-image-overlay-wrap\"><img decoding=\"async\" class='wp-image-3816 avia-img-lazy-loading-not-3816 avia_image' src=\"https:\/\/www.gatv.ssr.upm.es\/wp-content\/uploads\/2016\/06\/NEM-605x314-300x156.jpg\" alt='' title='NEM-605x314'  height=\"156\" width=\"300\"  itemprop=\"thumbnailUrl\" srcset=\"https:\/\/www.gatv.ssr.upm.es\/wp-content\/uploads\/2016\/06\/NEM-605x314-300x156.jpg 300w, https:\/\/www.gatv.ssr.upm.es\/wp-content\/uploads\/2016\/06\/NEM-605x314-450x234.jpg 450w, https:\/\/www.gatv.ssr.upm.es\/wp-content\/uploads\/2016\/06\/NEM-605x314.jpg 605w\" sizes=\"(max-width: 300px) 100vw, 300px\" \/><\/div><\/div><\/div><\/div>\n<style type=\"text\/css\" data-created_by=\"avia_inline_auto\" id=\"style-css-av-av_one_half-9c1d454dc06f7247226bc4e8f931daae\">\n.flex_column.av-av_one_half-9c1d454dc06f7247226bc4e8f931daae{\nborder-radius:0px 0px 0px 0px;\n-webkit-border-radius:0px 0px 0px 0px;\n-moz-border-radius:0px 0px 0px 0px;\n}\n<\/style>\n<div class='flex_column av-av_one_half-9c1d454dc06f7247226bc4e8f931daae av_one_half  avia-builder-el-2  el_after_av_one_half  avia-builder-el-last  flex_column_div av-zero-column-padding '   ><section  class='av_textblock_section av-av_textblock-0366cc7376be6c9e82a3e9cc8987b64f'  itemscope=\"itemscope\" itemtype=\"https:\/\/schema.org\/BlogPosting\" itemprop=\"blogPost\" ><div class='avia_textblock'  itemprop=\"text\" ><p>La plataforma tecnol\u00f3gica NEM (<a href=\"http:\/\/nem-initiative.org\/\" target=\"_blank\" rel=\"noopener\">Networked and Electronic Media<\/a>) ha nombrado a su nueva Junta Directiva, que desarrollar\u00e1 su labor durante los pr\u00f3ximos dos a\u00f1os.\u00a0 El portal profesional Panorama Audiovisual dedica un art\u00edculo a esta noticia: <a href=\"http:\/\/www.panoramaaudiovisual.com\/2016\/06\/29\/nem-la-plataforma-tecnologica-europea-dedicada-a-las-industrias-creativas-digitales-nombra-a-la-nueva-junta-directiva\/\">http:\/\/www.panoramaaudiovisual.com\/2016\/06\/29\/nem-la-plataforma-tecnologica-europea-dedicada-a-las-industrias-creativas-digitales-nombra-a-la-nueva-junta-directiva\/<\/a><\/p>\n<p>La vicepresidenta de esta plataforma es Ver\u00f3nica Buey, adjunta a la direcci\u00f3n del Cluster ICT-Audiovisual de Madrid, con el que el GATV colabora desde el pasado mes de mayo.<\/p>\n<\/div><\/section><\/div><\/p>\n","protected":false},"excerpt":{"rendered":"","protected":false},"author":3,"featured_media":3816,"comment_status":"closed","ping_status":"closed","sticky":false,"template":"","format":"standard","meta":{"_acf_changed":false,"footnotes":""},"categories":[1931,43],"tags":[],"class_list":["post-3813","post","type-post","status-publish","format-standard","has-post-thumbnail","hentry","category-anterior","category-noticias"],"acf":[],"_links":{"self":[{"href":"https:\/\/www.gatv.ssr.upm.es\/index.php\/wp-json\/wp\/v2\/posts\/3813","targetHints":{"allow":["GET"]}}],"collection":[{"href":"https:\/\/www.gatv.ssr.upm.es\/index.php\/wp-json\/wp\/v2\/posts"}],"about":[{"href":"https:\/\/www.gatv.ssr.upm.es\/index.php\/wp-json\/wp\/v2\/types\/post"}],"author":[{"embeddable":true,"href":"https:\/\/www.gatv.ssr.upm.es\/index.php\/wp-json\/wp\/v2\/users\/3"}],"replies":[{"embeddable":true,"href":"https:\/\/www.gatv.ssr.upm.es\/index.php\/wp-json\/wp\/v2\/comments?post=3813"}],"version-history":[{"count":6,"href":"https:\/\/www.gatv.ssr.upm.es\/index.php\/wp-json\/wp\/v2\/posts\/3813\/revisions"}],"predecessor-version":[{"id":9119,"href":"https:\/\/www.gatv.ssr.upm.es\/index.php\/wp-json\/wp\/v2\/posts\/3813\/revisions\/9119"}],"wp:featuredmedia":[{"embeddable":true,"href":"https:\/\/www.gatv.ssr.upm.es\/index.php\/wp-json\/wp\/v2\/media\/3816"}],"wp:attachment":[{"href":"https:\/\/www.gatv.ssr.upm.es\/index.php\/wp-json\/wp\/v2\/media?parent=3813"}],"wp:term":[{"taxonomy":"category","embeddable":true,"href":"https:\/\/www.gatv.ssr.upm.es\/index.php\/wp-json\/wp\/v2\/categories?post=3813"},{"taxonomy":"post_tag","embeddable":true,"href":"https:\/\/www.gatv.ssr.upm.es\/index.php\/wp-json\/wp\/v2\/tags?post=3813"}],"curies":[{"name":"wp","href":"https:\/\/api.w.org\/{rel}","templated":true}]}}