{"id":4234,"date":"2016-04-27T10:28:24","date_gmt":"2016-04-27T08:28:24","guid":{"rendered":"http:\/\/www.gatv.ssr.upm.es\/wordpress\/index.php\/2016\/04\/27\/jornadas-2010-id-para-la-autopista-del-futuro\/?lang=en"},"modified":"2023-02-10T14:34:46","modified_gmt":"2023-02-10T12:34:46","slug":"jornadas-2010-id-para-la-autopista-del-futuro-2","status":"publish","type":"post","link":"https:\/\/www.gatv.ssr.upm.es\/index.php\/2016\/04\/27\/jornadas-2010-id-para-la-autopista-del-futuro-2\/","title":{"rendered":"Jornadas 2010: I+D para la autopista del futuro"},"content":{"rendered":"\n<p><\/p>\n\n\n<section  class='av_textblock_section av-av_textblock-0366cc7376be6c9e82a3e9cc8987b64f'  itemscope=\"itemscope\" itemtype=\"https:\/\/schema.org\/BlogPosting\" itemprop=\"blogPost\" ><div class='avia_textblock'  itemprop=\"text\" ><p class=\"bodytext\" align=\"justify\"><span style=\"font-family: 'trebuchet ms', geneva;\">Durante los d\u00edas <strong>16 y 17 de noviembre de 2010<\/strong>, a partir de las<strong> 9:00 horas<\/strong> en el Sal\u00f3n de Actos del Edificio L\u00f3pez Araujo (C) de la ETSI de Telecomunicaci\u00f3n de la Universidad Polit\u00e9cnica de Madrid, tuvieron lugar las<strong> \u00abJornadas 2010: I+D para la autopista del futuro\u00bb<\/strong> en el marco del proyecto Cenit<span style=\"color: #33cccc;\"><strong> <a class=\"external-link-new-window\" style=\"color: #33cccc;\" title=\"Opens external link in new window\" href=\"http:\/\/www.cenitoasis.com\/\" target=\"_blank\" rel=\"noopener\">OASIS<\/a>.<\/strong><\/span><\/span><\/p>\n<div align=\"justify\"><\/div>\n<p class=\"bodytext\" align=\"justify\"><span style=\"font-family: 'trebuchet ms', geneva;\">Un grupo altamente representativo de empresas espa\u00f1olas, incluyendo promotores y constructores de infraestructuras, empresas tecnol\u00f3gicas relacionadas con el transporte y una buena parte de los centros de investigaci\u00f3n m\u00e1s representativos del pa\u00eds en el sector del transporte, est\u00e1n desarrollando un proyecto integrado de investigaci\u00f3n (OASIS \u2013 Operaci\u00f3n de Autopistas, Seguras,Inteligentes y Sostenibles-) para encontrar soluciones al dise\u00f1o, la construcci\u00f3n y la operaci\u00f3n de la autopista del futuro.<\/span><\/p>\n<div align=\"justify\"><\/div>\n<p class=\"bodytext\" align=\"justify\"><span style=\"font-family: 'trebuchet ms', geneva;\">Esta Jornada han tenido un <strong>doble objetivo<\/strong> por un lado han pretendido contrastar los primeros resultados de la investigaci\u00f3n con los requerimientos reales del sector, y adem\u00e1s han sido un foro de reflexi\u00f3n sobre la importancia de la investigaci\u00f3n en el futuro de las infraestructuras de transporte por carretera.<\/span><\/p>\n<div align=\"justify\"><\/div>\n<p class=\"bodytext\" align=\"justify\"><span style=\"font-family: 'trebuchet ms', geneva;\">La ETSI de Telecomunicaci\u00f3n participa en el proyecto <strong>OASIS <\/strong>a trav\u00e9s de <span class=\"subir\">nuestro Grupo de Apicaci\u00f3n de Telecomunicaciones Visuales G@TV.<\/span><\/span><\/p>\n<p class=\"bodytext\" align=\"justify\"><span style=\"font-family: 'trebuchet ms', geneva;\">Para m\u00e1s informaci\u00f3n pinchar <span style=\"color: #33cccc;\"><a style=\"color: #33cccc;\" href=\"http:\/\/www.etsit.upm.es\/menu-derecha\/eventos\/agenda-institucional-eventos-y-conferencias.html?tx_keyac_pi1[showCal]=1&#038;tx_keyac_pi1[showUid]=695&#038;cHash=c94cb63674\" target=\"_blank\" rel=\"noopener\">aqui<\/a>.<\/span><\/span><\/p>\n<\/div><\/section>\n","protected":false},"excerpt":{"rendered":"","protected":false},"author":3,"featured_media":4495,"comment_status":"closed","ping_status":"closed","sticky":false,"template":"","format":"standard","meta":{"_acf_changed":false,"footnotes":""},"categories":[47,1933],"tags":[],"class_list":["post-4234","post","type-post","status-publish","format-standard","has-post-thumbnail","hentry","category-noticias-en","category-previous"],"acf":[],"_links":{"self":[{"href":"https:\/\/www.gatv.ssr.upm.es\/index.php\/wp-json\/wp\/v2\/posts\/4234","targetHints":{"allow":["GET"]}}],"collection":[{"href":"https:\/\/www.gatv.ssr.upm.es\/index.php\/wp-json\/wp\/v2\/posts"}],"about":[{"href":"https:\/\/www.gatv.ssr.upm.es\/index.php\/wp-json\/wp\/v2\/types\/post"}],"author":[{"embeddable":true,"href":"https:\/\/www.gatv.ssr.upm.es\/index.php\/wp-json\/wp\/v2\/users\/3"}],"replies":[{"embeddable":true,"href":"https:\/\/www.gatv.ssr.upm.es\/index.php\/wp-json\/wp\/v2\/comments?post=4234"}],"version-history":[{"count":2,"href":"https:\/\/www.gatv.ssr.upm.es\/index.php\/wp-json\/wp\/v2\/posts\/4234\/revisions"}],"predecessor-version":[{"id":9099,"href":"https:\/\/www.gatv.ssr.upm.es\/index.php\/wp-json\/wp\/v2\/posts\/4234\/revisions\/9099"}],"wp:featuredmedia":[{"embeddable":true,"href":"https:\/\/www.gatv.ssr.upm.es\/index.php\/wp-json\/wp\/v2\/media\/4495"}],"wp:attachment":[{"href":"https:\/\/www.gatv.ssr.upm.es\/index.php\/wp-json\/wp\/v2\/media?parent=4234"}],"wp:term":[{"taxonomy":"category","embeddable":true,"href":"https:\/\/www.gatv.ssr.upm.es\/index.php\/wp-json\/wp\/v2\/categories?post=4234"},{"taxonomy":"post_tag","embeddable":true,"href":"https:\/\/www.gatv.ssr.upm.es\/index.php\/wp-json\/wp\/v2\/tags?post=4234"}],"curies":[{"name":"wp","href":"https:\/\/api.w.org\/{rel}","templated":true}]}}