{"id":5580,"date":"2018-06-09T09:00:05","date_gmt":"2018-06-09T07:00:05","guid":{"rendered":"http:\/\/www.gatv.ssr.upm.es\/index.php\/2018\/06\/22\/5g-media-workshop-in-the-13th-ieee-bmsb-conference-in-valencia\/"},"modified":"2023-02-10T14:07:47","modified_gmt":"2023-02-10T12:07:47","slug":"5g-media-workshop-in-the-13th-ieee-bmsb-conference-in-valencia","status":"publish","type":"post","link":"https:\/\/www.gatv.ssr.upm.es\/index.php\/2018\/06\/09\/5g-media-workshop-in-the-13th-ieee-bmsb-conference-in-valencia\/","title":{"rendered":"Workshop del Proyecto 5G-Media en el Congreso IEEE BMSB 2018 en Valencia, 6-8 de junio de 2018"},"content":{"rendered":"<p style=\"text-align: justify;\">Del 6 al 8 de junio de 2018, la Universitat Polit\u00e8cnica de Val\u00e8ncia (UPV) aloj\u00f3 <a href=\"https:\/\/www.mcg.upv.es\/en\/bmsb2018\/\">13th IEEE International Symposium on Broadband Multimedia Systems and Broadcasting<\/a>\u00a0en Valencia, Espa\u00f1a. El objetivo del congreso es servir como un foro para la presentaci\u00f3n e intercambio de los \u00faltimos avances tecnol\u00f3gicos en las \u00e1reas de la difusi\u00f3n multimedia, las telecomunicaciones, la electr\u00f3nica de consumos y las tecnolog\u00edas de red.<\/p>\n<div id=\"attachment_5567\" style=\"width: 505px\" class=\"wp-caption aligncenter\"><a href=\"https:\/\/www.gatv.ssr.upm.es\/wp-content\/uploads\/2018\/06\/5gmedia_IEEE-BMSB_02.jpg\"><img loading=\"lazy\" decoding=\"async\" aria-describedby=\"caption-attachment-5567\" class=\"wp-image-5567 size-portfolio\" src=\"https:\/\/www.gatv.ssr.upm.es\/wp-content\/uploads\/2018\/06\/5gmedia_IEEE-BMSB_02-495x400.jpg\" alt=\"Juan Pedro L\u00f3pez presidiendo el Workshop del 5G-Media y presentando los avances en virtualizaci\u00f3n a trav\u00e9s de redes 5G\" width=\"495\" height=\"400\" srcset=\"https:\/\/www.gatv.ssr.upm.es\/wp-content\/uploads\/2018\/06\/5gmedia_IEEE-BMSB_02-495x400.jpg 495w, https:\/\/www.gatv.ssr.upm.es\/wp-content\/uploads\/2018\/06\/5gmedia_IEEE-BMSB_02-845x684.jpg 845w\" sizes=\"auto, (max-width: 495px) 100vw, 495px\" \/><\/a><p id=\"caption-attachment-5567\" class=\"wp-caption-text\">Juan Pedro L\u00f3pez presidiendo el Workshop del 5G-Media y presentando los avances en virtualizaci\u00f3n a trav\u00e9s de redes 5G<\/p><\/div>\n<p style=\"text-align: justify;\">En este escenario, el congreso aloj\u00f3 un workshop del proyecto 5G-MEDIA dedicado a las innovaciones del media en el entornos de los modelos de red 5G (\u201cMedia delivery innovations using flexible network models in 5G\u201d). Nuestro compa\u00f1ero Juan Pedro L\u00f3pez de la UPM se encarg\u00f3 de presidir el workshop con el objetivo de presentar los avances del proyecto en el entorno de los nuevos servicios de media entregado a trav\u00e9s de redes 5G, haciendo \u00e9nfasis en los casos de uso desarrollados en el proyecto a trav\u00e9s de 5 papers t\u00e9cnicos diferentes.<\/p>\n<div id=\"attachment_5577\" style=\"width: 3978px\" class=\"wp-caption aligncenter\"><a href=\"https:\/\/www.gatv.ssr.upm.es\/wp-content\/uploads\/2018\/06\/IMG_20180608_091445.jpg\"><img loading=\"lazy\" decoding=\"async\" aria-describedby=\"caption-attachment-5577\" class=\"wp-image-5577 size-full\" src=\"https:\/\/www.gatv.ssr.upm.es\/wp-content\/uploads\/2018\/06\/IMG_20180608_091445.jpg\" alt=\"Paneles del congreso IEEE-BMSB\" width=\"3968\" height=\"2240\" srcset=\"https:\/\/www.gatv.ssr.upm.es\/wp-content\/uploads\/2018\/06\/IMG_20180608_091445.jpg 3968w, https:\/\/www.gatv.ssr.upm.es\/wp-content\/uploads\/2018\/06\/IMG_20180608_091445-300x169.jpg 300w, https:\/\/www.gatv.ssr.upm.es\/wp-content\/uploads\/2018\/06\/IMG_20180608_091445-768x434.jpg 768w, https:\/\/www.gatv.ssr.upm.es\/wp-content\/uploads\/2018\/06\/IMG_20180608_091445-1024x578.jpg 1024w, https:\/\/www.gatv.ssr.upm.es\/wp-content\/uploads\/2018\/06\/IMG_20180608_091445-1500x847.jpg 1500w, https:\/\/www.gatv.ssr.upm.es\/wp-content\/uploads\/2018\/06\/IMG_20180608_091445-705x398.jpg 705w, https:\/\/www.gatv.ssr.upm.es\/wp-content\/uploads\/2018\/06\/IMG_20180608_091445-450x254.jpg 450w\" sizes=\"auto, (max-width: 3968px) 100vw, 3968px\" \/><\/a><p id=\"caption-attachment-5577\" class=\"wp-caption-text\">Paneles del congreso IEEE-BMSB<\/p><\/div>\n<p style=\"text-align: justify;\">Las siguientes publicaciones relativas al proyecto 5G-Media fueron presentadas en el 13th IEEE International Symposium on Broadband Multimedia Systems and Broadcasting:<\/p>\n<ol>\n<li style=\"text-align: justify;\">Madeleine Keltsch, Sebastian Prokesch, Oscar Prieto Gordo, Igor Fritzsch, Javier Serrano and Truong Khoa Phan. \u201cRemote production and mobile contribution over 5G networks: scenarios, requirements and approaches for broadcast quality media streaming\u201d. June 2018.<\/li>\n<li style=\"text-align: justify;\">Stamatia Rizou, Panagiotis Athanasoulis, Pasquale Andriani, Francesco Iadanza, Gino Carrozzo, David Breitgand, Avi Weit, David Griffin, David Jimenez, Ugur Acar and Oscar Prieto Gordo. \u201cA service platform architecture enabling programmable edge-to-cloud virtualization for the 5G Media industry\u201d. June 2018.<\/li>\n<li style=\"text-align: justify;\">Juan Pedro L\u00f3pez, David Jim\u00e9nez, Juan Antonio Rodrigo, Nuria S\u00e1nchez, Jose Manuel Menendez, Federico \u00c1lvarez and Jose Maria Lalueza. \u201cVirtualized Module for Distributed Quality Assessment Applied to Video Streaming in 5G Networks Environments\u201d. June 2018.<\/li>\n<li style=\"text-align: justify;\">Alexandros Doumanoglou, Nikolaos Zioulis, David Griffin, Javier Serrano, Truong Khoa Phan, David Jim\u00e9nez, Dimitrios Zarpalas, Federico \u00c1lvarez, Miguel Rio and Petros Daras. \u201cA System Architecture for Live Immersive 3D-Media Transcoding over 5G Networks\u201d. June 2018.<\/li>\n<li style=\"text-align: justify;\">Gino Carrozzo, Francesca Moscatelli, Gabriel Solsona, Oscar Prieto Gordo, Madeleine Keltsch and Martin Schmalohr. \u201cVirtual CDNs over 5G networks: scenarios and requirements for ultra-high definition media distribution\u201d. June 2018.<\/li>\n<\/ol>\n<p><a href=\"https:\/\/www.gatv.ssr.upm.es\/wp-content\/uploads\/2017\/03\/faldon_5gmedia0.png\"><img loading=\"lazy\" decoding=\"async\" src=\"https:\/\/www.gatv.ssr.upm.es\/wp-content\/uploads\/2017\/03\/faldon_5gmedia0.png\" alt=\"Fald\u00f3n 5G-MEDIA\" width=\"1658\" height=\"152\" class=\"aligncenter size-full wp-image-6570\" srcset=\"https:\/\/www.gatv.ssr.upm.es\/wp-content\/uploads\/2017\/03\/faldon_5gmedia0.png 1658w, https:\/\/www.gatv.ssr.upm.es\/wp-content\/uploads\/2017\/03\/faldon_5gmedia0-300x28.png 300w, https:\/\/www.gatv.ssr.upm.es\/wp-content\/uploads\/2017\/03\/faldon_5gmedia0-768x70.png 768w, https:\/\/www.gatv.ssr.upm.es\/wp-content\/uploads\/2017\/03\/faldon_5gmedia0-1024x94.png 1024w, https:\/\/www.gatv.ssr.upm.es\/wp-content\/uploads\/2017\/03\/faldon_5gmedia0-1500x138.png 1500w, https:\/\/www.gatv.ssr.upm.es\/wp-content\/uploads\/2017\/03\/faldon_5gmedia0-705x65.png 705w, https:\/\/www.gatv.ssr.upm.es\/wp-content\/uploads\/2017\/03\/faldon_5gmedia0-450x41.png 450w\" sizes=\"auto, (max-width: 1658px) 100vw, 1658px\" \/><\/a><\/p>\n<hr \/>\n","protected":false},"excerpt":{"rendered":"<p>Del 6 al 8 de junio de 2018, la Universitat Polit\u00e8cnica de Val\u00e8ncia (UPV) aloj\u00f3 13th IEEE International Symposium on Broadband Multimedia Systems and Broadcasting\u00a0en Valencia, Espa\u00f1a. El objetivo del congreso es servir como un foro para la presentaci\u00f3n e intercambio de los \u00faltimos avances tecnol\u00f3gicos en las \u00e1reas de la difusi\u00f3n multimedia, las telecomunicaciones, [&hellip;]<\/p>\n","protected":false},"author":4,"featured_media":5566,"comment_status":"closed","ping_status":"open","sticky":false,"template":"","format":"standard","meta":{"_acf_changed":false,"footnotes":""},"categories":[1931,43],"tags":[104,103,107,112,108,74,106,105,75,109,110,111,113],"class_list":["post-5580","post","type-post","status-publish","format-standard","has-post-thumbnail","hentry","category-anterior","category-noticias","tag-5g","tag-5g-media","tag-bmsb","tag-broadcast","tag-conference","tag-h2020","tag-ieee","tag-media","tag-proyecto-europeo","tag-symposium","tag-upv","tag-valencia","tag-workshop"],"acf":[],"_links":{"self":[{"href":"https:\/\/www.gatv.ssr.upm.es\/index.php\/wp-json\/wp\/v2\/posts\/5580","targetHints":{"allow":["GET"]}}],"collection":[{"href":"https:\/\/www.gatv.ssr.upm.es\/index.php\/wp-json\/wp\/v2\/posts"}],"about":[{"href":"https:\/\/www.gatv.ssr.upm.es\/index.php\/wp-json\/wp\/v2\/types\/post"}],"author":[{"embeddable":true,"href":"https:\/\/www.gatv.ssr.upm.es\/index.php\/wp-json\/wp\/v2\/users\/4"}],"replies":[{"embeddable":true,"href":"https:\/\/www.gatv.ssr.upm.es\/index.php\/wp-json\/wp\/v2\/comments?post=5580"}],"version-history":[{"count":7,"href":"https:\/\/www.gatv.ssr.upm.es\/index.php\/wp-json\/wp\/v2\/posts\/5580\/revisions"}],"predecessor-version":[{"id":6580,"href":"https:\/\/www.gatv.ssr.upm.es\/index.php\/wp-json\/wp\/v2\/posts\/5580\/revisions\/6580"}],"wp:featuredmedia":[{"embeddable":true,"href":"https:\/\/www.gatv.ssr.upm.es\/index.php\/wp-json\/wp\/v2\/media\/5566"}],"wp:attachment":[{"href":"https:\/\/www.gatv.ssr.upm.es\/index.php\/wp-json\/wp\/v2\/media?parent=5580"}],"wp:term":[{"taxonomy":"category","embeddable":true,"href":"https:\/\/www.gatv.ssr.upm.es\/index.php\/wp-json\/wp\/v2\/categories?post=5580"},{"taxonomy":"post_tag","embeddable":true,"href":"https:\/\/www.gatv.ssr.upm.es\/index.php\/wp-json\/wp\/v2\/tags?post=5580"}],"curies":[{"name":"wp","href":"https:\/\/api.w.org\/{rel}","templated":true}]}}