{"id":5740,"date":"2018-05-10T09:00:36","date_gmt":"2018-05-10T07:00:36","guid":{"rendered":"http:\/\/www.gatv.ssr.upm.es\/?p=5740"},"modified":"2023-02-10T14:08:32","modified_gmt":"2023-02-10T12:08:32","slug":"presentacion-del-proyecto-easy-tv-en-la-sesion-idbit-de-bit-audiovisual-en-madrid-9-de-mayo-de-2018","status":"publish","type":"post","link":"https:\/\/www.gatv.ssr.upm.es\/index.php\/2018\/05\/10\/presentacion-del-proyecto-easy-tv-en-la-sesion-idbit-de-bit-audiovisual-en-madrid-9-de-mayo-de-2018\/","title":{"rendered":"Presentaci\u00f3n del proyecto Easy TV en la sesi\u00f3n I+D+BIT de Bit Audiovisual en Madrid, 9 de mayo de 2018"},"content":{"rendered":"<div style=\"text-align: justify;\">\n<p>BIT Audiovisual 2018 presenta la \u00faltima tecnolog\u00eda para un sector en continua transformaci\u00f3n, la feria organizada por IFEMA, se celebr\u00f3 del 8 al 10 de mayo en Madrid. La vanguardia y el apoyo al emprendimiento estuvieron representadas en las plataformas I+D+BIT Audiovisual, BIT Audiovisual Innova, y BIT Audiovisual start-ups.<\/p>\n<p>Dentro de la plataforma I+D+BIT Audiovisual, se seleccionaron diversos proyectos de investigaci\u00f3n, entre los que figura <a href=\"http:\/\/easytvproject.eu\/\">EasyTV: Easing the access of Europeans with disabilities to converging media and content,<\/a>\u00a0proyecto en el que participan la Universidad Polit\u00e9cnica de Madrid (UPM, Espa\u00f1a), Engineering Ingegneria Informatica SPA (ENG, Italia), Centre for Research and Technology Hellas (CERTH, Grecia), Mediavoice SRL (MV, Italia), Universitat Aut\u00f2noma Barcelona (UAB, Espa\u00f1a), Corporaci\u00f3 Catalana de Mitjans Audiovisuals SA (CCMA, Espa\u00f1a), ARX.NET S.A. (ARX, Grecia), Sezione Provinciale di Roma dell&#8217;Unione Italiana dei ciechi e degli ipovedenti (UICI, Italia), y la Fundaci\u00f3n Confederaci\u00f3n Nacional Sordos Espa\u00f1a para la supresi\u00f3n de barreras de comunicaci\u00f3n (FCNSE, Espa\u00f1a). Asimismo, fue seleccionado el proyecto 5G-CROSSHAUL, donde participa nuestra empresa hermanada Visiona IP.<\/p>\n<p>Entre los proyectos seleccionados, los cinco mejores fueron presentados en una sesi\u00f3n conjunto el d\u00eda 9 de mayo de 2018 en IFEMA. Juan Pedro L\u00f3pez del GATV fue el encargado de presentar los objetivos y desarrollos correspondientes al proyecto Easy TV, mientras que Nuria S\u00e1nchez fue la encargada de presentar el proyecto 5G-Crosshaul. A continuaci\u00f3n dejamos el v\u00eddeo con la presentaci\u00f3n completa.<br \/>\n<br \/>\n<iframe loading=\"lazy\" src=\"https:\/\/www.youtube.com\/embed\/oJjG0_qRJsA?start=1635\" width=\"560\" height=\"315\" frameborder=\"0\" allowfullscreen=\"allowfullscreen\"><\/iframe><\/p>\n<p><a href=\"https:\/\/www.gatv.ssr.upm.es\/wp-content\/uploads\/2019\/02\/Faldon_EasyTV.png\"><img loading=\"lazy\" decoding=\"async\" src=\"https:\/\/www.gatv.ssr.upm.es\/wp-content\/uploads\/2019\/02\/Faldon_EasyTV.png\" alt=\"Fald\u00f3n EasyTV\" width=\"1666\" height=\"149\" class=\"aligncenter size-full wp-image-6542\" srcset=\"https:\/\/www.gatv.ssr.upm.es\/wp-content\/uploads\/2019\/02\/Faldon_EasyTV.png 1666w, https:\/\/www.gatv.ssr.upm.es\/wp-content\/uploads\/2019\/02\/Faldon_EasyTV-300x27.png 300w, https:\/\/www.gatv.ssr.upm.es\/wp-content\/uploads\/2019\/02\/Faldon_EasyTV-768x69.png 768w, https:\/\/www.gatv.ssr.upm.es\/wp-content\/uploads\/2019\/02\/Faldon_EasyTV-1024x92.png 1024w, https:\/\/www.gatv.ssr.upm.es\/wp-content\/uploads\/2019\/02\/Faldon_EasyTV-1500x134.png 1500w, https:\/\/www.gatv.ssr.upm.es\/wp-content\/uploads\/2019\/02\/Faldon_EasyTV-705x63.png 705w, https:\/\/www.gatv.ssr.upm.es\/wp-content\/uploads\/2019\/02\/Faldon_EasyTV-450x40.png 450w\" sizes=\"auto, (max-width: 1666px) 100vw, 1666px\" \/><\/a><\/p>\n<hr \/>\n<\/div>\n","protected":false},"excerpt":{"rendered":"<p>BIT Audiovisual 2018 presenta la \u00faltima tecnolog\u00eda para un sector en continua transformaci\u00f3n, la feria organizada por IFEMA, se celebr\u00f3 del 8 al 10 de mayo en Madrid. La vanguardia y el apoyo al emprendimiento estuvieron representadas en las plataformas I+D+BIT Audiovisual, BIT Audiovisual Innova, y BIT Audiovisual start-ups. Dentro de la plataforma I+D+BIT Audiovisual, [&hellip;]<\/p>\n","protected":false},"author":4,"featured_media":5741,"comment_status":"closed","ping_status":"closed","sticky":false,"template":"","format":"standard","meta":{"_acf_changed":false,"footnotes":""},"categories":[1931,43],"tags":[78,70,85,71,76,69,73,74,77,87,84,86,75,72],"class_list":["post-5740","post","type-post","status-publish","format-standard","has-post-thumbnail","hentry","category-anterior","category-noticias","tag-2-0-1","tag-accesibilidad","tag-bit-audiovisual","tag-ccma","tag-companion-screen","tag-easy-tv","tag-gatv","tag-h2020","tag-hbbtv","tag-idbit","tag-ifema","tag-madrid","tag-proyecto-europeo","tag-upm"],"acf":[],"_links":{"self":[{"href":"https:\/\/www.gatv.ssr.upm.es\/index.php\/wp-json\/wp\/v2\/posts\/5740","targetHints":{"allow":["GET"]}}],"collection":[{"href":"https:\/\/www.gatv.ssr.upm.es\/index.php\/wp-json\/wp\/v2\/posts"}],"about":[{"href":"https:\/\/www.gatv.ssr.upm.es\/index.php\/wp-json\/wp\/v2\/types\/post"}],"author":[{"embeddable":true,"href":"https:\/\/www.gatv.ssr.upm.es\/index.php\/wp-json\/wp\/v2\/users\/4"}],"replies":[{"embeddable":true,"href":"https:\/\/www.gatv.ssr.upm.es\/index.php\/wp-json\/wp\/v2\/comments?post=5740"}],"version-history":[{"count":12,"href":"https:\/\/www.gatv.ssr.upm.es\/index.php\/wp-json\/wp\/v2\/posts\/5740\/revisions"}],"predecessor-version":[{"id":6558,"href":"https:\/\/www.gatv.ssr.upm.es\/index.php\/wp-json\/wp\/v2\/posts\/5740\/revisions\/6558"}],"wp:featuredmedia":[{"embeddable":true,"href":"https:\/\/www.gatv.ssr.upm.es\/index.php\/wp-json\/wp\/v2\/media\/5741"}],"wp:attachment":[{"href":"https:\/\/www.gatv.ssr.upm.es\/index.php\/wp-json\/wp\/v2\/media?parent=5740"}],"wp:term":[{"taxonomy":"category","embeddable":true,"href":"https:\/\/www.gatv.ssr.upm.es\/index.php\/wp-json\/wp\/v2\/categories?post=5740"},{"taxonomy":"post_tag","embeddable":true,"href":"https:\/\/www.gatv.ssr.upm.es\/index.php\/wp-json\/wp\/v2\/tags?post=5740"}],"curies":[{"name":"wp","href":"https:\/\/api.w.org\/{rel}","templated":true}]}}