{"id":5751,"date":"2018-05-11T09:00:18","date_gmt":"2018-05-11T07:00:18","guid":{"rendered":"http:\/\/www.gatv.ssr.upm.es\/?p=5751"},"modified":"2023-02-10T14:08:13","modified_gmt":"2023-02-10T12:08:13","slug":"poster-del-proyecto-easy-tv-seleccionado-entre-las-5-mejores-ideas-de-proyecto-por-idbit-en-bit-audiovisual-madrid-8-10-de-mayo-de-2018","status":"publish","type":"post","link":"https:\/\/www.gatv.ssr.upm.es\/index.php\/2018\/05\/11\/poster-del-proyecto-easy-tv-seleccionado-entre-las-5-mejores-ideas-de-proyecto-por-idbit-en-bit-audiovisual-madrid-8-10-de-mayo-de-2018\/","title":{"rendered":"P\u00f3ster del proyecto Easy TV seleccionado entre las 5 mejores ideas de proyecto por I+D+Bit en Bit Audiovisual (Madrid), 8-10 de mayo de 2018"},"content":{"rendered":"<div style=\"text-align: justify;\">\n<p>La secci\u00f3n I+D+BIT Audiovisual, dentro de los eventos desarrollados en la feria BIT AUDIOVISUAL del 8 al 10 de mayo de 2018, tiene el objetivo de dar a conocer proyectos de investigaci\u00f3n y desarrollo, tanto del \u00e1mbito universitario como empresarial, que desarrollan tecnolog\u00edas, con alto valor a\u00f1adido y potencial de crecimiento aplicadas a la industria audiovisual. Por segunda vez, la plataforma I+D+BIT Audiovisual re\u00fane una selecci\u00f3n de propuestas desarrolladas por universidades, entidades y empresas en virtud de su aporte en cuanto a la oportunidad de la investigaci\u00f3n llevada a cabo; su capacidad de influir en el futuro desarrollo de la industria audiovisual; su potencial de aplicaci\u00f3n; la originalidad de su enfoque, m\u00e9todo u objeto; y la capacidad de reunir y generar colaboraci\u00f3n entre distintos actores interesados.<\/p>\n<p>Entre los proyectos seleccionados, los p\u00f3steres resumen de los 5 proyectos principales lucieron en una secci\u00f3n de la feria, destacando el proyecto <a href=\"http:\/\/easytvproject.eu\/\">Easy TV<\/a> entre ellos. Los miembros del equipo del GATV Juan Pedro L\u00f3pez, Francisco Moreno y Silvia Uribe estuvieron respondiendo preguntas acerca del proyecto a los visitantes de la feria que asistieron a la feria.<\/p>\n<p>El objeto del proyecto <a href=\"http:\/\/easytvproject.eu\/\">Easy TV<\/a> es facilitar el acceso de las personas con discapacidad sensorial (auditiva\/visual) a los productos y servicios de primera l\u00ednea de la sociedad de la informaci\u00f3n y las telecomunicaciones para que puedan disfrutar de los contenidos audiovisuales al mismo nivel que el resto de la poblaci\u00f3n, evitando la marginaci\u00f3n y la problem\u00e1tica creada por la desigualdad existente en el acceso a la informaci\u00f3n. Por ello, el proyecto plantea el dise\u00f1o e implementaci\u00f3n de una plataforma que presenta una colecci\u00f3n de soluciones tecnol\u00f3gicas que permiten la mejora de la accesibilidad en t\u00e9rminos de subtitulado avanzado, creaci\u00f3n de audionarrativas autom\u00e1ticas, clean-audio, v\u00eddeos de lengua de signos configurables, audiosubt\u00edtulos o magnificaci\u00f3n de imagen, entre otros, que permitan romper la barrera lingu\u00edstica existente. Todo ello, en un entorno de personalizaci\u00f3n, donde el sistema se adapta a las necesidades concretas de cada usuario y a sus preferencias.<\/p>\n<div id=\"attachment_5756\" style=\"width: 505px\" class=\"wp-caption aligncenter\"><a href=\"https:\/\/www.gatv.ssr.upm.es\/wp-content\/uploads\/2018\/06\/foto10.jpg\"><img loading=\"lazy\" decoding=\"async\" aria-describedby=\"caption-attachment-5756\" class=\"size-portfolio wp-image-5756\" src=\"https:\/\/www.gatv.ssr.upm.es\/wp-content\/uploads\/2018\/06\/foto10-495x400.jpg\" alt=\"Silvia, Fran y Juanpe junto al p\u00f3ster del Easy TV\" width=\"495\" height=\"400\" srcset=\"https:\/\/www.gatv.ssr.upm.es\/wp-content\/uploads\/2018\/06\/foto10-495x400.jpg 495w, https:\/\/www.gatv.ssr.upm.es\/wp-content\/uploads\/2018\/06\/foto10-845x684.jpg 845w\" sizes=\"auto, (max-width: 495px) 100vw, 495px\" \/><\/a><p id=\"caption-attachment-5756\" class=\"wp-caption-text\">Silvia, Fran y Juanpe junto al p\u00f3ster del Easy TV<\/p><\/div>\n<p><a href=\"https:\/\/www.gatv.ssr.upm.es\/wp-content\/uploads\/2019\/02\/Faldon_EasyTV.png\"><img loading=\"lazy\" decoding=\"async\" src=\"https:\/\/www.gatv.ssr.upm.es\/wp-content\/uploads\/2019\/02\/Faldon_EasyTV.png\" alt=\"Fald\u00f3n EasyTV\" width=\"1666\" height=\"149\" class=\"aligncenter size-full wp-image-6542\" srcset=\"https:\/\/www.gatv.ssr.upm.es\/wp-content\/uploads\/2019\/02\/Faldon_EasyTV.png 1666w, https:\/\/www.gatv.ssr.upm.es\/wp-content\/uploads\/2019\/02\/Faldon_EasyTV-300x27.png 300w, https:\/\/www.gatv.ssr.upm.es\/wp-content\/uploads\/2019\/02\/Faldon_EasyTV-768x69.png 768w, https:\/\/www.gatv.ssr.upm.es\/wp-content\/uploads\/2019\/02\/Faldon_EasyTV-1024x92.png 1024w, https:\/\/www.gatv.ssr.upm.es\/wp-content\/uploads\/2019\/02\/Faldon_EasyTV-1500x134.png 1500w, https:\/\/www.gatv.ssr.upm.es\/wp-content\/uploads\/2019\/02\/Faldon_EasyTV-705x63.png 705w, https:\/\/www.gatv.ssr.upm.es\/wp-content\/uploads\/2019\/02\/Faldon_EasyTV-450x40.png 450w\" sizes=\"auto, (max-width: 1666px) 100vw, 1666px\" \/><\/a><\/p>\n<hr \/>\n<\/div>\n","protected":false},"excerpt":{"rendered":"<p>La secci\u00f3n I+D+BIT Audiovisual, dentro de los eventos desarrollados en la feria BIT AUDIOVISUAL del 8 al 10 de mayo de 2018, tiene el objetivo de dar a conocer proyectos de investigaci\u00f3n y desarrollo, tanto del \u00e1mbito universitario como empresarial, que desarrollan tecnolog\u00edas, con alto valor a\u00f1adido y potencial de crecimiento aplicadas a la industria [&hellip;]<\/p>\n","protected":false},"author":4,"featured_media":5752,"comment_status":"closed","ping_status":"closed","sticky":false,"template":"","format":"standard","meta":{"_acf_changed":false,"footnotes":""},"categories":[1931,43],"tags":[78,70,85,71,76,69,90,73,74,77,87,84,91,86,88,75,89,72],"class_list":["post-5751","post","type-post","status-publish","format-standard","has-post-thumbnail","hentry","category-anterior","category-noticias","tag-2-0-1","tag-accesibilidad","tag-bit-audiovisual","tag-ccma","tag-companion-screen","tag-easy-tv","tag-francisco-moreno","tag-gatv","tag-h2020","tag-hbbtv","tag-idbit","tag-ifema","tag-juan-pedro-lopez","tag-madrid","tag-poster","tag-proyecto-europeo","tag-silvia-uribe","tag-upm"],"acf":[],"_links":{"self":[{"href":"https:\/\/www.gatv.ssr.upm.es\/index.php\/wp-json\/wp\/v2\/posts\/5751","targetHints":{"allow":["GET"]}}],"collection":[{"href":"https:\/\/www.gatv.ssr.upm.es\/index.php\/wp-json\/wp\/v2\/posts"}],"about":[{"href":"https:\/\/www.gatv.ssr.upm.es\/index.php\/wp-json\/wp\/v2\/types\/post"}],"author":[{"embeddable":true,"href":"https:\/\/www.gatv.ssr.upm.es\/index.php\/wp-json\/wp\/v2\/users\/4"}],"replies":[{"embeddable":true,"href":"https:\/\/www.gatv.ssr.upm.es\/index.php\/wp-json\/wp\/v2\/comments?post=5751"}],"version-history":[{"count":5,"href":"https:\/\/www.gatv.ssr.upm.es\/index.php\/wp-json\/wp\/v2\/posts\/5751\/revisions"}],"predecessor-version":[{"id":6556,"href":"https:\/\/www.gatv.ssr.upm.es\/index.php\/wp-json\/wp\/v2\/posts\/5751\/revisions\/6556"}],"wp:featuredmedia":[{"embeddable":true,"href":"https:\/\/www.gatv.ssr.upm.es\/index.php\/wp-json\/wp\/v2\/media\/5752"}],"wp:attachment":[{"href":"https:\/\/www.gatv.ssr.upm.es\/index.php\/wp-json\/wp\/v2\/media?parent=5751"}],"wp:term":[{"taxonomy":"category","embeddable":true,"href":"https:\/\/www.gatv.ssr.upm.es\/index.php\/wp-json\/wp\/v2\/categories?post=5751"},{"taxonomy":"post_tag","embeddable":true,"href":"https:\/\/www.gatv.ssr.upm.es\/index.php\/wp-json\/wp\/v2\/tags?post=5751"}],"curies":[{"name":"wp","href":"https:\/\/api.w.org\/{rel}","templated":true}]}}