{"id":5925,"date":"2018-07-12T09:00:08","date_gmt":"2018-07-12T07:00:08","guid":{"rendered":"http:\/\/www.gatv.ssr.upm.es\/?p=5925"},"modified":"2023-02-10T13:28:53","modified_gmt":"2023-02-10T11:28:53","slug":"consortium-meeting-of-5g-media-h2020-project-in-rtve-institute-in-madrid-10th-11th-july-2018","status":"publish","type":"post","link":"https:\/\/www.gatv.ssr.upm.es\/index.php\/2018\/07\/12\/consortium-meeting-of-5g-media-h2020-project-in-rtve-institute-in-madrid-10th-11th-july-2018\/","title":{"rendered":"Consortium Meeting of 5G-Media H2020 Project in RTVE Institute in Madrid, 10th-11th July 2018"},"content":{"rendered":"<div style=\"text-align: justify;\">\n<p>A new consortium plenary meeting of <a href=\"http:\/\/www.5gmedia.eu\/\">5G-Media H2020 Project<\/a> has taken place in <a href=\"http:\/\/www.rtve.es\/instituto\/\">RTVE Institute<\/a> in Madrid (Spain), during dates 10th-11th July 2018. Members of GATV attended the meeting, including Full Professor and director of the research group Jos\u00e9 Manuel Men\u00e9ndez, David Jim\u00e9nez and Javier Serrano.<\/p>\n<div id=\"attachment_5930\" style=\"width: 1610px\" class=\"wp-caption aligncenter\"><a href=\"https:\/\/www.gatv.ssr.upm.es\/wp-content\/uploads\/2018\/07\/WhatsApp-Image-2018-07-10-at-10.46.35-2.jpeg\"><img loading=\"lazy\" decoding=\"async\" aria-describedby=\"caption-attachment-5930\" class=\"size-full wp-image-5930\" src=\"https:\/\/www.gatv.ssr.upm.es\/wp-content\/uploads\/2018\/07\/WhatsApp-Image-2018-07-10-at-10.46.35-2.jpeg\" alt=\"Plenary Meeting of 5G-Media Project in Madrid\" width=\"1600\" height=\"900\" srcset=\"https:\/\/www.gatv.ssr.upm.es\/wp-content\/uploads\/2018\/07\/WhatsApp-Image-2018-07-10-at-10.46.35-2.jpeg 1600w, https:\/\/www.gatv.ssr.upm.es\/wp-content\/uploads\/2018\/07\/WhatsApp-Image-2018-07-10-at-10.46.35-2-300x169.jpeg 300w, https:\/\/www.gatv.ssr.upm.es\/wp-content\/uploads\/2018\/07\/WhatsApp-Image-2018-07-10-at-10.46.35-2-768x432.jpeg 768w, https:\/\/www.gatv.ssr.upm.es\/wp-content\/uploads\/2018\/07\/WhatsApp-Image-2018-07-10-at-10.46.35-2-1024x576.jpeg 1024w, https:\/\/www.gatv.ssr.upm.es\/wp-content\/uploads\/2018\/07\/WhatsApp-Image-2018-07-10-at-10.46.35-2-1500x844.jpeg 1500w, https:\/\/www.gatv.ssr.upm.es\/wp-content\/uploads\/2018\/07\/WhatsApp-Image-2018-07-10-at-10.46.35-2-705x397.jpeg 705w, https:\/\/www.gatv.ssr.upm.es\/wp-content\/uploads\/2018\/07\/WhatsApp-Image-2018-07-10-at-10.46.35-2-450x253.jpeg 450w\" sizes=\"auto, (max-width: 1600px) 100vw, 1600px\" \/><\/a><p id=\"caption-attachment-5930\" class=\"wp-caption-text\">Plenary Meeting of 5G-Media Project in Madrid<\/p><\/div>\n<p>During the meeting the advances in the developments of the pilots related to each Use Case of the project, based on technologies related to:<\/p>\n<ul>\n<li>Immersive media and Virtual Reality<\/li>\n<li>Smart Production and User-generated Content<\/li>\n<li>Ultra High Definition over Content Delivery Network<\/li>\n<\/ul>\n<p>At the end of the meeting, the partners had the chance to visit the RTVE headquarters in Torrespa\u00f1a. The visitors watched the news studio and had access to the technology used by the broadcaster.<\/p>\n<p>Check the video presented by Stamatia Rizou from <a href=\"https:\/\/portal.singularlogic.eu\/en\">SingularLogic S.A.<\/a>, who is the Technical Manager of the 5G-Media Project, that describes the technical objectives of the H2020 Project.<\/p>\n<p><iframe loading=\"lazy\" src=\"https:\/\/www.youtube.com\/embed\/ZYeZjq8hGdk\" allowfullscreen=\"allowfullscreen\" width=\"560\" height=\"315\" frameborder=\"0\"><\/iframe><\/p>\n\n\t\t<style type=\"text\/css\">\n\t\t\t#gallery-1 {\n\t\t\t\tmargin: auto;\n\t\t\t}\n\t\t\t#gallery-1 .gallery-item {\n\t\t\t\tfloat: left;\n\t\t\t\tmargin-top: 10px;\n\t\t\t\ttext-align: center;\n\t\t\t\twidth: 11%;\n\t\t\t}\n\t\t\t#gallery-1 img {\n\t\t\t\tborder: 2px solid #cfcfcf;\n\t\t\t}\n\t\t\t#gallery-1 .gallery-caption {\n\t\t\t\tmargin-left: 0;\n\t\t\t}\n\t\t\t\/* see gallery_shortcode() in wp-includes\/media.php *\/\n\t\t<\/style>\n\t\t<div id='gallery-1' class='gallery galleryid-5925 gallery-columns-9 gallery-size-full'><dl class='gallery-item'>\n\t\t\t<dt class='gallery-icon landscape'>\n\t\t\t\t<a href='https:\/\/www.gatv.ssr.upm.es\/wp-content\/uploads\/2018\/07\/DhzqKuCWsAEcO5t.jpg'><img loading=\"lazy\" decoding=\"async\" width=\"1200\" height=\"900\" src=\"https:\/\/www.gatv.ssr.upm.es\/wp-content\/uploads\/2018\/07\/DhzqKuCWsAEcO5t.jpg\" class=\"attachment-full size-full\" alt=\"\" srcset=\"https:\/\/www.gatv.ssr.upm.es\/wp-content\/uploads\/2018\/07\/DhzqKuCWsAEcO5t.jpg 1200w, https:\/\/www.gatv.ssr.upm.es\/wp-content\/uploads\/2018\/07\/DhzqKuCWsAEcO5t-300x225.jpg 300w, https:\/\/www.gatv.ssr.upm.es\/wp-content\/uploads\/2018\/07\/DhzqKuCWsAEcO5t-768x576.jpg 768w, https:\/\/www.gatv.ssr.upm.es\/wp-content\/uploads\/2018\/07\/DhzqKuCWsAEcO5t-1024x768.jpg 1024w, https:\/\/www.gatv.ssr.upm.es\/wp-content\/uploads\/2018\/07\/DhzqKuCWsAEcO5t-705x529.jpg 705w, https:\/\/www.gatv.ssr.upm.es\/wp-content\/uploads\/2018\/07\/DhzqKuCWsAEcO5t-450x338.jpg 450w\" sizes=\"auto, (max-width: 1200px) 100vw, 1200px\" \/><\/a>\n\t\t\t<\/dt><\/dl><dl class='gallery-item'>\n\t\t\t<dt class='gallery-icon landscape'>\n\t\t\t\t<a href='https:\/\/www.gatv.ssr.upm.es\/wp-content\/uploads\/2018\/07\/DhzqJUaX0AAIHLL.jpg'><img loading=\"lazy\" decoding=\"async\" width=\"1200\" height=\"900\" src=\"https:\/\/www.gatv.ssr.upm.es\/wp-content\/uploads\/2018\/07\/DhzqJUaX0AAIHLL.jpg\" class=\"attachment-full size-full\" alt=\"\" srcset=\"https:\/\/www.gatv.ssr.upm.es\/wp-content\/uploads\/2018\/07\/DhzqJUaX0AAIHLL.jpg 1200w, https:\/\/www.gatv.ssr.upm.es\/wp-content\/uploads\/2018\/07\/DhzqJUaX0AAIHLL-300x225.jpg 300w, https:\/\/www.gatv.ssr.upm.es\/wp-content\/uploads\/2018\/07\/DhzqJUaX0AAIHLL-768x576.jpg 768w, https:\/\/www.gatv.ssr.upm.es\/wp-content\/uploads\/2018\/07\/DhzqJUaX0AAIHLL-1024x768.jpg 1024w, https:\/\/www.gatv.ssr.upm.es\/wp-content\/uploads\/2018\/07\/DhzqJUaX0AAIHLL-705x529.jpg 705w, https:\/\/www.gatv.ssr.upm.es\/wp-content\/uploads\/2018\/07\/DhzqJUaX0AAIHLL-450x338.jpg 450w\" sizes=\"auto, (max-width: 1200px) 100vw, 1200px\" \/><\/a>\n\t\t\t<\/dt><\/dl><dl class='gallery-item'>\n\t\t\t<dt class='gallery-icon landscape'>\n\t\t\t\t<a href='https:\/\/www.gatv.ssr.upm.es\/wp-content\/uploads\/2018\/07\/DhzqHXRXcAImork.jpg'><img loading=\"lazy\" decoding=\"async\" width=\"1200\" height=\"900\" src=\"https:\/\/www.gatv.ssr.upm.es\/wp-content\/uploads\/2018\/07\/DhzqHXRXcAImork.jpg\" class=\"attachment-full size-full\" alt=\"\" srcset=\"https:\/\/www.gatv.ssr.upm.es\/wp-content\/uploads\/2018\/07\/DhzqHXRXcAImork.jpg 1200w, https:\/\/www.gatv.ssr.upm.es\/wp-content\/uploads\/2018\/07\/DhzqHXRXcAImork-300x225.jpg 300w, https:\/\/www.gatv.ssr.upm.es\/wp-content\/uploads\/2018\/07\/DhzqHXRXcAImork-768x576.jpg 768w, https:\/\/www.gatv.ssr.upm.es\/wp-content\/uploads\/2018\/07\/DhzqHXRXcAImork-1024x768.jpg 1024w, https:\/\/www.gatv.ssr.upm.es\/wp-content\/uploads\/2018\/07\/DhzqHXRXcAImork-705x529.jpg 705w, https:\/\/www.gatv.ssr.upm.es\/wp-content\/uploads\/2018\/07\/DhzqHXRXcAImork-450x338.jpg 450w\" sizes=\"auto, (max-width: 1200px) 100vw, 1200px\" \/><\/a>\n\t\t\t<\/dt><\/dl><dl class='gallery-item'>\n\t\t\t<dt class='gallery-icon landscape'>\n\t\t\t\t<a href='https:\/\/www.gatv.ssr.upm.es\/wp-content\/uploads\/2018\/07\/DhzqFsxX4AADWpc.jpg'><img loading=\"lazy\" decoding=\"async\" width=\"1200\" height=\"900\" src=\"https:\/\/www.gatv.ssr.upm.es\/wp-content\/uploads\/2018\/07\/DhzqFsxX4AADWpc.jpg\" class=\"attachment-full size-full\" alt=\"The partners of 5G-Media Project visited the RTVE studios in Torrespa\u00f1a\" aria-describedby=\"gallery-1-5949\" srcset=\"https:\/\/www.gatv.ssr.upm.es\/wp-content\/uploads\/2018\/07\/DhzqFsxX4AADWpc.jpg 1200w, https:\/\/www.gatv.ssr.upm.es\/wp-content\/uploads\/2018\/07\/DhzqFsxX4AADWpc-300x225.jpg 300w, https:\/\/www.gatv.ssr.upm.es\/wp-content\/uploads\/2018\/07\/DhzqFsxX4AADWpc-768x576.jpg 768w, https:\/\/www.gatv.ssr.upm.es\/wp-content\/uploads\/2018\/07\/DhzqFsxX4AADWpc-1024x768.jpg 1024w, https:\/\/www.gatv.ssr.upm.es\/wp-content\/uploads\/2018\/07\/DhzqFsxX4AADWpc-705x529.jpg 705w, https:\/\/www.gatv.ssr.upm.es\/wp-content\/uploads\/2018\/07\/DhzqFsxX4AADWpc-450x338.jpg 450w\" sizes=\"auto, (max-width: 1200px) 100vw, 1200px\" \/><\/a>\n\t\t\t<\/dt>\n\t\t\t\t<dd class='wp-caption-text gallery-caption' id='gallery-1-5949'>\n\t\t\t\tThe partners of 5G-Media Project visited the RTVE studios in Torrespa\u00f1a\n\t\t\t\t<\/dd><\/dl>\n\t\t\t<br style='clear: both' \/>\n\t\t<\/div>\n\n<p><a href=\"https:\/\/www.gatv.ssr.upm.es\/wp-content\/uploads\/2017\/03\/faldon_5gmedia0.png\"><img loading=\"lazy\" decoding=\"async\" src=\"https:\/\/www.gatv.ssr.upm.es\/wp-content\/uploads\/2017\/03\/faldon_5gmedia0.png\" alt=\"Fald\u00f3n 5G-MEDIA\" class=\"aligncenter size-full wp-image-6570\" width=\"1658\" height=\"152\" srcset=\"https:\/\/www.gatv.ssr.upm.es\/wp-content\/uploads\/2017\/03\/faldon_5gmedia0.png 1658w, https:\/\/www.gatv.ssr.upm.es\/wp-content\/uploads\/2017\/03\/faldon_5gmedia0-300x28.png 300w, https:\/\/www.gatv.ssr.upm.es\/wp-content\/uploads\/2017\/03\/faldon_5gmedia0-768x70.png 768w, https:\/\/www.gatv.ssr.upm.es\/wp-content\/uploads\/2017\/03\/faldon_5gmedia0-1024x94.png 1024w, https:\/\/www.gatv.ssr.upm.es\/wp-content\/uploads\/2017\/03\/faldon_5gmedia0-1500x138.png 1500w, https:\/\/www.gatv.ssr.upm.es\/wp-content\/uploads\/2017\/03\/faldon_5gmedia0-705x65.png 705w, https:\/\/www.gatv.ssr.upm.es\/wp-content\/uploads\/2017\/03\/faldon_5gmedia0-450x41.png 450w\" sizes=\"auto, (max-width: 1658px) 100vw, 1658px\" \/><\/a><\/p>\n<hr>\n<\/div>\n","protected":false},"excerpt":{"rendered":"<p>A new consortium plenary meeting of 5G-Media H2020 Project has taken place in RTVE Institute in Madrid (Spain), during dates 10th-11th July 2018. Members of GATV attended the meeting, including Full Professor and director of the research group Jos\u00e9 Manuel Men\u00e9ndez, David Jim\u00e9nez and Javier Serrano. During the meeting the advances in the developments of [&hellip;]<\/p>\n","protected":false},"author":4,"featured_media":5949,"comment_status":"closed","ping_status":"open","sticky":false,"template":"","format":"standard","meta":{"_acf_changed":false,"footnotes":""},"categories":[196,47,1933,190],"tags":[251,252,198,201,197,195,203,199,202,200],"class_list":["post-5925","post","type-post","status-publish","format-standard","has-post-thumbnail","hentry","category-5g-media","category-noticias-en","category-previous","category-projects","tag-5g-media-en-2","tag-broadcast-en-2","tag-consortium","tag-immersive","tag-instituto-rtve","tag-meeting","tag-singular-logic","tag-spain","tag-virtual-reality","tag-virtualization"],"acf":[],"_links":{"self":[{"href":"https:\/\/www.gatv.ssr.upm.es\/index.php\/wp-json\/wp\/v2\/posts\/5925","targetHints":{"allow":["GET"]}}],"collection":[{"href":"https:\/\/www.gatv.ssr.upm.es\/index.php\/wp-json\/wp\/v2\/posts"}],"about":[{"href":"https:\/\/www.gatv.ssr.upm.es\/index.php\/wp-json\/wp\/v2\/types\/post"}],"author":[{"embeddable":true,"href":"https:\/\/www.gatv.ssr.upm.es\/index.php\/wp-json\/wp\/v2\/users\/4"}],"replies":[{"embeddable":true,"href":"https:\/\/www.gatv.ssr.upm.es\/index.php\/wp-json\/wp\/v2\/comments?post=5925"}],"version-history":[{"count":16,"href":"https:\/\/www.gatv.ssr.upm.es\/index.php\/wp-json\/wp\/v2\/posts\/5925\/revisions"}],"predecessor-version":[{"id":9059,"href":"https:\/\/www.gatv.ssr.upm.es\/index.php\/wp-json\/wp\/v2\/posts\/5925\/revisions\/9059"}],"wp:featuredmedia":[{"embeddable":true,"href":"https:\/\/www.gatv.ssr.upm.es\/index.php\/wp-json\/wp\/v2\/media\/5949"}],"wp:attachment":[{"href":"https:\/\/www.gatv.ssr.upm.es\/index.php\/wp-json\/wp\/v2\/media?parent=5925"}],"wp:term":[{"taxonomy":"category","embeddable":true,"href":"https:\/\/www.gatv.ssr.upm.es\/index.php\/wp-json\/wp\/v2\/categories?post=5925"},{"taxonomy":"post_tag","embeddable":true,"href":"https:\/\/www.gatv.ssr.upm.es\/index.php\/wp-json\/wp\/v2\/tags?post=5925"}],"curies":[{"name":"wp","href":"https:\/\/api.w.org\/{rel}","templated":true}]}}