{"id":6076,"date":"2018-09-05T10:32:09","date_gmt":"2018-09-05T08:32:09","guid":{"rendered":"http:\/\/www.gatv.ssr.upm.es\/?p=6076"},"modified":"2023-02-10T13:28:29","modified_gmt":"2023-02-10T11:28:29","slug":"reunion-de-consorcio-del-proyecto-repara-2-0-en-el-campus-repsol-de-madrid-3-de-septiembre-de-2018","status":"publish","type":"post","link":"https:\/\/www.gatv.ssr.upm.es\/index.php\/2018\/09\/05\/reunion-de-consorcio-del-proyecto-repara-2-0-en-el-campus-repsol-de-madrid-3-de-septiembre-de-2018\/","title":{"rendered":"Reuni\u00f3n de consorcio del proyecto Repara 2.0 en el Campus Repsol de Madrid, 3 de septiembre de 2018"},"content":{"rendered":"<div style=\"text-align: justify;\">\nLa semana del 3 de septiembre tuvo lugar la reuni\u00f3n de consorcio para la preparaci\u00f3n de la auditor\u00eda de la pasada anualidad del proyecto REPARA 2.0, que cuenta con la colaboraci\u00f3n del grupo GATV. Al evento asistieron nuestros compa\u00f1eros Silvia Uribe y Francisco Moreno.<\/p>\n<div id=\"attachment_6079\" style=\"width: 2058px\" class=\"wp-caption aligncenter\"><a href=\"https:\/\/www.gatv.ssr.upm.es\/wp-content\/uploads\/2018\/09\/proyecto_repara.jpg\"><img loading=\"lazy\" decoding=\"async\" aria-describedby=\"caption-attachment-6079\" class=\"size-full wp-image-6079\" src=\"https:\/\/www.gatv.ssr.upm.es\/wp-content\/uploads\/2018\/09\/proyecto_repara.jpg\" alt=\"Los socios del proyecto Repara 2.0 en la reuni\u00f3n del 3 de septiembre de 2018 en el Campus Repsol de Madrid\" width=\"2048\" height=\"1536\" srcset=\"https:\/\/www.gatv.ssr.upm.es\/wp-content\/uploads\/2018\/09\/proyecto_repara.jpg 2048w, https:\/\/www.gatv.ssr.upm.es\/wp-content\/uploads\/2018\/09\/proyecto_repara-300x225.jpg 300w, https:\/\/www.gatv.ssr.upm.es\/wp-content\/uploads\/2018\/09\/proyecto_repara-768x576.jpg 768w, https:\/\/www.gatv.ssr.upm.es\/wp-content\/uploads\/2018\/09\/proyecto_repara-1024x768.jpg 1024w, https:\/\/www.gatv.ssr.upm.es\/wp-content\/uploads\/2018\/09\/proyecto_repara-1500x1125.jpg 1500w, https:\/\/www.gatv.ssr.upm.es\/wp-content\/uploads\/2018\/09\/proyecto_repara-705x529.jpg 705w, https:\/\/www.gatv.ssr.upm.es\/wp-content\/uploads\/2018\/09\/proyecto_repara-450x338.jpg 450w\" sizes=\"auto, (max-width: 2048px) 100vw, 2048px\" \/><\/a><p id=\"caption-attachment-6079\" class=\"wp-caption-text\">Los socios del proyecto Repara 2.0 en la reuni\u00f3n del 3 de septiembre de 2018 en el Campus Repsol de Madrid<\/p><\/div>\n<p>El proyecto REPARA 2.0 tiene como objetivo el desarrollo de nuevas tecnolog\u00edas y metodolog\u00edas que apoyen a la gesti\u00f3n de infraestructuras y permitan rehabilitar y conservar cualquier tipolog\u00eda de carretera a un menor coste econ\u00f3mico y medioambiental, mejorando su adaptaci\u00f3n frente al cambio clim\u00e1tico.<\/p>\n<p>\u00bfQuieres saber m\u00e1s sobre el proyecto? Para m\u00e1s informaci\u00f3n sobre el proyecto entra en el siguiente enlace:<\/p>\n<p><a class=\"twitter-timeline-link\" dir=\"ltr\" title=\"http:\/\/www.proyectorepara.com\/\" href=\"https:\/\/t.co\/ffFGjHxDxf\" target=\"_blank\" rel=\"nofollow noopener\" data-expanded-url=\"http:\/\/www.proyectorepara.com\/\"><span class=\"invisible\">http:\/\/www.<\/span><span class=\"js-display-url\">proyectorepara.com<\/span><span class=\"invisible\">\/<\/span><span class=\"tco-ellipsis\"><span class=\"invisible\">\u00a0<\/span><\/span><\/a><\/p>\n<hr \/>\n<\/div>\n","protected":false},"excerpt":{"rendered":"<p>La semana del 3 de septiembre tuvo lugar la reuni\u00f3n de consorcio para la preparaci\u00f3n de la auditor\u00eda de la pasada anualidad del proyecto REPARA 2.0, que cuenta con la colaboraci\u00f3n del grupo GATV. Al evento asistieron nuestros compa\u00f1eros Silvia Uribe y Francisco Moreno. El proyecto REPARA 2.0 tiene como objetivo el desarrollo de nuevas [&hellip;]<\/p>\n","protected":false},"author":4,"featured_media":6077,"comment_status":"closed","ping_status":"closed","sticky":false,"template":"","format":"standard","meta":{"_acf_changed":false,"footnotes":""},"categories":[1931,1,43],"tags":[154,73,259,257,258,260],"class_list":["post-6076","post","type-post","status-publish","format-standard","has-post-thumbnail","hentry","category-anterior","category-de-interes","category-noticias","tag-carretera","tag-gatv","tag-pavimento","tag-repara","tag-repara-2-0","tag-repsol"],"acf":[],"_links":{"self":[{"href":"https:\/\/www.gatv.ssr.upm.es\/index.php\/wp-json\/wp\/v2\/posts\/6076","targetHints":{"allow":["GET"]}}],"collection":[{"href":"https:\/\/www.gatv.ssr.upm.es\/index.php\/wp-json\/wp\/v2\/posts"}],"about":[{"href":"https:\/\/www.gatv.ssr.upm.es\/index.php\/wp-json\/wp\/v2\/types\/post"}],"author":[{"embeddable":true,"href":"https:\/\/www.gatv.ssr.upm.es\/index.php\/wp-json\/wp\/v2\/users\/4"}],"replies":[{"embeddable":true,"href":"https:\/\/www.gatv.ssr.upm.es\/index.php\/wp-json\/wp\/v2\/comments?post=6076"}],"version-history":[{"count":1,"href":"https:\/\/www.gatv.ssr.upm.es\/index.php\/wp-json\/wp\/v2\/posts\/6076\/revisions"}],"predecessor-version":[{"id":6081,"href":"https:\/\/www.gatv.ssr.upm.es\/index.php\/wp-json\/wp\/v2\/posts\/6076\/revisions\/6081"}],"wp:featuredmedia":[{"embeddable":true,"href":"https:\/\/www.gatv.ssr.upm.es\/index.php\/wp-json\/wp\/v2\/media\/6077"}],"wp:attachment":[{"href":"https:\/\/www.gatv.ssr.upm.es\/index.php\/wp-json\/wp\/v2\/media?parent=6076"}],"wp:term":[{"taxonomy":"category","embeddable":true,"href":"https:\/\/www.gatv.ssr.upm.es\/index.php\/wp-json\/wp\/v2\/categories?post=6076"},{"taxonomy":"post_tag","embeddable":true,"href":"https:\/\/www.gatv.ssr.upm.es\/index.php\/wp-json\/wp\/v2\/tags?post=6076"}],"curies":[{"name":"wp","href":"https:\/\/api.w.org\/{rel}","templated":true}]}}