{"id":6139,"date":"2018-10-09T09:00:23","date_gmt":"2018-10-09T07:00:23","guid":{"rendered":"http:\/\/www.gatv.ssr.upm.es\/?p=6139"},"modified":"2023-02-10T13:27:55","modified_gmt":"2023-02-10T11:27:55","slug":"el-proyecto-easytv-en-el-congreso-amadis-sobre-accesibilidad-y-medios-accesibles-madrid-8-9-de-octubre-de-2018","status":"publish","type":"post","link":"https:\/\/www.gatv.ssr.upm.es\/index.php\/2018\/10\/09\/el-proyecto-easytv-en-el-congreso-amadis-sobre-accesibilidad-y-medios-accesibles-madrid-8-9-de-octubre-de-2018\/","title":{"rendered":"El proyecto EasyTV en el congreso AMADIS sobre accesibilidad y medios accesibles, Madrid, 8-9 de octubre de 2018"},"content":{"rendered":"<div style=\"text-align: justify;\">\nLos pasados 8\u00a0y 9\u00a0de octubre de 2018 se celebr\u00f3 en Madrid la novena edici\u00f3n del <a href=\"http:\/\/www.cesya.es\/amadis2018\/\">Congreso AMADIS 2018<\/a> organizado por el <a href=\"https:\/\/www.cedd.net\/\">Real Patronato sobre Discapacidad<\/a>, la Universidad Carlos III de Madrid y la <a href=\"https:\/\/www.cnmc.es\/\">Comisi\u00f3n Nacional de los Mercados y la Competencia<\/a>. El evento se celebr\u00f3 en la sede de este \u00faltimo en la madrile\u00f1a calle de Alcal\u00e1. La tem\u00e1tica del congreso versa sobre los servicios de accesibilidad en los medios audiovisuales as\u00ed como la innovaci\u00f3n en tecnolog\u00edas de accesibilidad aplicadas a los entornos de la cultura, la formaci\u00f3n o los medios accesibles para personas con discapacidad sensorial.<\/p>\n<div id=\"attachment_6142\" style=\"width: 1034px\" class=\"wp-caption aligncenter\"><a href=\"https:\/\/www.gatv.ssr.upm.es\/wp-content\/uploads\/2018\/10\/silvia.jpg\"><img loading=\"lazy\" decoding=\"async\" aria-describedby=\"caption-attachment-6142\" class=\"size-full wp-image-6142\" src=\"https:\/\/www.gatv.ssr.upm.es\/wp-content\/uploads\/2018\/10\/silvia.jpg\" alt=\"Silvia Uribe presentando el proyecto EasyTV en el congreso AMADIS 2018\" width=\"1024\" height=\"576\" srcset=\"https:\/\/www.gatv.ssr.upm.es\/wp-content\/uploads\/2018\/10\/silvia.jpg 1024w, https:\/\/www.gatv.ssr.upm.es\/wp-content\/uploads\/2018\/10\/silvia-300x169.jpg 300w, https:\/\/www.gatv.ssr.upm.es\/wp-content\/uploads\/2018\/10\/silvia-768x432.jpg 768w, https:\/\/www.gatv.ssr.upm.es\/wp-content\/uploads\/2018\/10\/silvia-705x397.jpg 705w, https:\/\/www.gatv.ssr.upm.es\/wp-content\/uploads\/2018\/10\/silvia-450x253.jpg 450w\" sizes=\"auto, (max-width: 1024px) 100vw, 1024px\" \/><\/a><p id=\"caption-attachment-6142\" class=\"wp-caption-text\">Silvia Uribe presentando el proyecto EasyTV en el congreso AMADIS 2018<\/p><\/div>\n<p>Dentro de las ponencias del congreso, el grupo GATV de la Universidad Polit\u00e9cnica de Madrid particip\u00f3 activamente con la presentaci\u00f3n a cargo de la investigadora Silvia Uribe del <a href=\"https:\/\/easytvproject.eu:3001\/\">proyecto europeo H2020 Easy TV<\/a>. En la presentaci\u00f3n se hizo hincapi\u00e9 en los desarrollos implementados en el proyecto, as\u00ed como las \u00faltimas innovaciones gracias al uso del nuevo est\u00e1ndar de Televisi\u00f3n Conectada HbbTV que permite la interconexi\u00f3n y sincronizaci\u00f3n de contenidos accesibles con el televisor a trav\u00e9s de dispositivos de segunda pantalla.<\/p>\n<p>La ponencia fue emitida en directo con traducci\u00f3n simult\u00e1nea en lengua de signos y subtitulaci\u00f3n y puede visualizarse a trav\u00e9s del <a href=\"https:\/\/youtu.be\/ARu97TpBJB4?t=883\">siguiente enlace<\/a>.<\/p>\n<div id=\"attachment_6147\" style=\"width: 2058px\" class=\"wp-caption aligncenter\"><a href=\"https:\/\/www.gatv.ssr.upm.es\/wp-content\/uploads\/2018\/10\/Do_RHN9XkAEgrhz.jpg\"><img loading=\"lazy\" decoding=\"async\" aria-describedby=\"caption-attachment-6147\" src=\"https:\/\/www.gatv.ssr.upm.es\/wp-content\/uploads\/2018\/10\/Do_RHN9XkAEgrhz.jpg\" alt=\"La sesi\u00f3n &quot;Televisi\u00f3n y Plataformas&quot; donde intervino Silvia Uribe\" width=\"2048\" height=\"1536\" class=\"size-full wp-image-6147\" srcset=\"https:\/\/www.gatv.ssr.upm.es\/wp-content\/uploads\/2018\/10\/Do_RHN9XkAEgrhz.jpg 2048w, https:\/\/www.gatv.ssr.upm.es\/wp-content\/uploads\/2018\/10\/Do_RHN9XkAEgrhz-300x225.jpg 300w, https:\/\/www.gatv.ssr.upm.es\/wp-content\/uploads\/2018\/10\/Do_RHN9XkAEgrhz-768x576.jpg 768w, https:\/\/www.gatv.ssr.upm.es\/wp-content\/uploads\/2018\/10\/Do_RHN9XkAEgrhz-1024x768.jpg 1024w, https:\/\/www.gatv.ssr.upm.es\/wp-content\/uploads\/2018\/10\/Do_RHN9XkAEgrhz-1500x1125.jpg 1500w, https:\/\/www.gatv.ssr.upm.es\/wp-content\/uploads\/2018\/10\/Do_RHN9XkAEgrhz-705x529.jpg 705w, https:\/\/www.gatv.ssr.upm.es\/wp-content\/uploads\/2018\/10\/Do_RHN9XkAEgrhz-450x338.jpg 450w\" sizes=\"auto, (max-width: 2048px) 100vw, 2048px\" \/><\/a><p id=\"caption-attachment-6147\" class=\"wp-caption-text\">La sesi\u00f3n \u00abTelevisi\u00f3n y Plataformas\u00bb donde intervino Silvia Uribe<\/p><\/div>\n<p>En el congreso se revisaron las tendencias en investigaci\u00f3n y desarrollo tecnol\u00f3gico en el entorno de la accesibilidad audiovisual para las personas con discapacidad sensorial, repasando algunos de los procesos y herramientas de evaluaci\u00f3n de calidad en la aplicaci\u00f3n de subtitulado y audiodescripci\u00f3n.<\/p>\n<p><a href=\"https:\/\/www.gatv.ssr.upm.es\/wp-content\/uploads\/2019\/02\/Faldon_EasyTV.png\"><img loading=\"lazy\" decoding=\"async\" src=\"https:\/\/www.gatv.ssr.upm.es\/wp-content\/uploads\/2019\/02\/Faldon_EasyTV.png\" alt=\"Fald\u00f3n EasyTV\" width=\"1666\" height=\"149\" class=\"aligncenter size-full wp-image-6542\" srcset=\"https:\/\/www.gatv.ssr.upm.es\/wp-content\/uploads\/2019\/02\/Faldon_EasyTV.png 1666w, https:\/\/www.gatv.ssr.upm.es\/wp-content\/uploads\/2019\/02\/Faldon_EasyTV-300x27.png 300w, https:\/\/www.gatv.ssr.upm.es\/wp-content\/uploads\/2019\/02\/Faldon_EasyTV-768x69.png 768w, https:\/\/www.gatv.ssr.upm.es\/wp-content\/uploads\/2019\/02\/Faldon_EasyTV-1024x92.png 1024w, https:\/\/www.gatv.ssr.upm.es\/wp-content\/uploads\/2019\/02\/Faldon_EasyTV-1500x134.png 1500w, https:\/\/www.gatv.ssr.upm.es\/wp-content\/uploads\/2019\/02\/Faldon_EasyTV-705x63.png 705w, https:\/\/www.gatv.ssr.upm.es\/wp-content\/uploads\/2019\/02\/Faldon_EasyTV-450x40.png 450w\" sizes=\"auto, (max-width: 1666px) 100vw, 1666px\" \/><\/a><\/p>\n<hr \/>\n<\/div>\n","protected":false},"excerpt":{"rendered":"<p>Los pasados 8\u00a0y 9\u00a0de octubre de 2018 se celebr\u00f3 en Madrid la novena edici\u00f3n del Congreso AMADIS 2018 organizado por el Real Patronato sobre Discapacidad, la Universidad Carlos III de Madrid y la Comisi\u00f3n Nacional de los Mercados y la Competencia. El evento se celebr\u00f3 en la sede de este \u00faltimo en la madrile\u00f1a calle [&hellip;]<\/p>\n","protected":false},"author":4,"featured_media":6140,"comment_status":"closed","ping_status":"closed","sticky":false,"template":"","format":"standard","meta":{"_acf_changed":false,"footnotes":""},"categories":[1931,1,43],"tags":[70,266,270,268,269,77,267,75,271,72],"class_list":["post-6139","post","type-post","status-publish","format-standard","has-post-thumbnail","hentry","category-anterior","category-de-interes","category-noticias","tag-accesibilidad","tag-amadis-2018","tag-audiodescripcion","tag-desarrollo","tag-easytv","tag-hbbtv","tag-investigacion","tag-proyecto-europeo","tag-subtitulado","tag-upm"],"acf":[],"_links":{"self":[{"href":"https:\/\/www.gatv.ssr.upm.es\/index.php\/wp-json\/wp\/v2\/posts\/6139","targetHints":{"allow":["GET"]}}],"collection":[{"href":"https:\/\/www.gatv.ssr.upm.es\/index.php\/wp-json\/wp\/v2\/posts"}],"about":[{"href":"https:\/\/www.gatv.ssr.upm.es\/index.php\/wp-json\/wp\/v2\/types\/post"}],"author":[{"embeddable":true,"href":"https:\/\/www.gatv.ssr.upm.es\/index.php\/wp-json\/wp\/v2\/users\/4"}],"replies":[{"embeddable":true,"href":"https:\/\/www.gatv.ssr.upm.es\/index.php\/wp-json\/wp\/v2\/comments?post=6139"}],"version-history":[{"count":9,"href":"https:\/\/www.gatv.ssr.upm.es\/index.php\/wp-json\/wp\/v2\/posts\/6139\/revisions"}],"predecessor-version":[{"id":6548,"href":"https:\/\/www.gatv.ssr.upm.es\/index.php\/wp-json\/wp\/v2\/posts\/6139\/revisions\/6548"}],"wp:featuredmedia":[{"embeddable":true,"href":"https:\/\/www.gatv.ssr.upm.es\/index.php\/wp-json\/wp\/v2\/media\/6140"}],"wp:attachment":[{"href":"https:\/\/www.gatv.ssr.upm.es\/index.php\/wp-json\/wp\/v2\/media?parent=6139"}],"wp:term":[{"taxonomy":"category","embeddable":true,"href":"https:\/\/www.gatv.ssr.upm.es\/index.php\/wp-json\/wp\/v2\/categories?post=6139"},{"taxonomy":"post_tag","embeddable":true,"href":"https:\/\/www.gatv.ssr.upm.es\/index.php\/wp-json\/wp\/v2\/tags?post=6139"}],"curies":[{"name":"wp","href":"https:\/\/api.w.org\/{rel}","templated":true}]}}