{"id":6281,"date":"2018-12-13T09:00:22","date_gmt":"2018-12-13T07:00:22","guid":{"rendered":"http:\/\/www.gatv.ssr.upm.es\/?p=6281"},"modified":"2023-02-10T13:26:57","modified_gmt":"2023-02-10T11:26:57","slug":"15-aniversario-de-la-asociacion-ectri-en-bruselas-12-de-diciembre-de-2018","status":"publish","type":"post","link":"https:\/\/www.gatv.ssr.upm.es\/index.php\/2018\/12\/13\/15-aniversario-de-la-asociacion-ectri-en-bruselas-12-de-diciembre-de-2018\/","title":{"rendered":"15 Aniversario de la Asociaci\u00f3n ECTRI en Bruselas, 12 de diciembre de 2018"},"content":{"rendered":"<div style=\"text-align: justify;\">\nEl evento del 15 Aniversario de la Asociaci\u00f3n <a href=\"https:\/\/www.ectri.org\/\">European Conference of Transport Research Institutes (ECTRI)<\/a> tuvo lugar en Bruselas el pasado 12 de diciembre, donde se analizaron las tendencias, retos de futuro y oportunidades para la I+D europea en el sector movilidad con la asistencia y particacipaci\u00f3n de Jos\u00e9 Manuel Men\u00e9ndez, director del grupo de investigaci\u00f3n GATV.<\/p>\n<div id=\"attachment_6275\" style=\"width: 979px\" class=\"wp-caption aligncenter\"><a href=\"https:\/\/www.gatv.ssr.upm.es\/wp-content\/uploads\/2018\/12\/bhninhcpodmeejod.jpg\"><img loading=\"lazy\" decoding=\"async\" aria-describedby=\"caption-attachment-6275\" class=\"size-full wp-image-6275\" src=\"https:\/\/www.gatv.ssr.upm.es\/wp-content\/uploads\/2018\/12\/bhninhcpodmeejod.jpg\" alt=\"Los miembros de la Asociaci\u00f3n European Conference of Transport Research Institutes (ECTRI)\" width=\"969\" height=\"495\" srcset=\"https:\/\/www.gatv.ssr.upm.es\/wp-content\/uploads\/2018\/12\/bhninhcpodmeejod.jpg 969w, https:\/\/www.gatv.ssr.upm.es\/wp-content\/uploads\/2018\/12\/bhninhcpodmeejod-300x153.jpg 300w, https:\/\/www.gatv.ssr.upm.es\/wp-content\/uploads\/2018\/12\/bhninhcpodmeejod-768x392.jpg 768w, https:\/\/www.gatv.ssr.upm.es\/wp-content\/uploads\/2018\/12\/bhninhcpodmeejod-705x360.jpg 705w, https:\/\/www.gatv.ssr.upm.es\/wp-content\/uploads\/2018\/12\/bhninhcpodmeejod-450x230.jpg 450w\" sizes=\"auto, (max-width: 969px) 100vw, 969px\" \/><\/a><p id=\"caption-attachment-6275\" class=\"wp-caption-text\">Los miembros de la Asociaci\u00f3n European Conference of Transport Research Institutes (ECTRI)<\/p><\/div>\n<p>En esta ocasi\u00f3n, asistieron al evento distinguidas personalidades del sector de transporte para discutir los retos y oportunidades para el futuro de la investigaci\u00f3n y la innovaci\u00f3n a nivel europeo en movilidad, bajo la perspectiva del nuevo programa marco Horizon Europe. Al interesante panel de discusi\u00f3n precedi\u00f3 una sesi\u00f3n de discursos de prominentes investigadores del grupo ECTRI acerca de temas como el avance y sostenibilidad multimodal de los sistemas de transporte.<\/p>\n<p>M\u00e1s informaci\u00f3n del evento en el <a href=\"https:\/\/www.ectri.org\">siguiente enlace<\/a>.<\/p>\n<hr \/>\n<\/div>\n","protected":false},"excerpt":{"rendered":"<p>El evento del 15 Aniversario de la Asociaci\u00f3n European Conference of Transport Research Institutes (ECTRI) tuvo lugar en Bruselas el pasado 12 de diciembre, donde se analizaron las tendencias, retos de futuro y oportunidades para la I+D europea en el sector movilidad con la asistencia y particacipaci\u00f3n de Jos\u00e9 Manuel Men\u00e9ndez, director del grupo de [&hellip;]<\/p>\n","protected":false},"author":4,"featured_media":6274,"comment_status":"closed","ping_status":"open","sticky":false,"template":"","format":"standard","meta":{"_acf_changed":false,"footnotes":""},"categories":[1931,43],"tags":[186,183],"class_list":["post-6281","post","type-post","status-publish","format-standard","has-post-thumbnail","hentry","category-anterior","category-noticias","tag-jose-manuel-menendez","tag-universidad-politecnica-de-madrid-2"],"acf":[],"_links":{"self":[{"href":"https:\/\/www.gatv.ssr.upm.es\/index.php\/wp-json\/wp\/v2\/posts\/6281","targetHints":{"allow":["GET"]}}],"collection":[{"href":"https:\/\/www.gatv.ssr.upm.es\/index.php\/wp-json\/wp\/v2\/posts"}],"about":[{"href":"https:\/\/www.gatv.ssr.upm.es\/index.php\/wp-json\/wp\/v2\/types\/post"}],"author":[{"embeddable":true,"href":"https:\/\/www.gatv.ssr.upm.es\/index.php\/wp-json\/wp\/v2\/users\/4"}],"replies":[{"embeddable":true,"href":"https:\/\/www.gatv.ssr.upm.es\/index.php\/wp-json\/wp\/v2\/comments?post=6281"}],"version-history":[{"count":4,"href":"https:\/\/www.gatv.ssr.upm.es\/index.php\/wp-json\/wp\/v2\/posts\/6281\/revisions"}],"predecessor-version":[{"id":6285,"href":"https:\/\/www.gatv.ssr.upm.es\/index.php\/wp-json\/wp\/v2\/posts\/6281\/revisions\/6285"}],"wp:featuredmedia":[{"embeddable":true,"href":"https:\/\/www.gatv.ssr.upm.es\/index.php\/wp-json\/wp\/v2\/media\/6274"}],"wp:attachment":[{"href":"https:\/\/www.gatv.ssr.upm.es\/index.php\/wp-json\/wp\/v2\/media?parent=6281"}],"wp:term":[{"taxonomy":"category","embeddable":true,"href":"https:\/\/www.gatv.ssr.upm.es\/index.php\/wp-json\/wp\/v2\/categories?post=6281"},{"taxonomy":"post_tag","embeddable":true,"href":"https:\/\/www.gatv.ssr.upm.es\/index.php\/wp-json\/wp\/v2\/tags?post=6281"}],"curies":[{"name":"wp","href":"https:\/\/api.w.org\/{rel}","templated":true}]}}