{"id":6297,"date":"2019-01-11T09:00:49","date_gmt":"2019-01-11T07:00:49","guid":{"rendered":"http:\/\/www.gatv.ssr.upm.es\/?p=6297"},"modified":"2023-02-10T13:26:25","modified_gmt":"2023-02-10T11:26:25","slug":"kick-off-meeting-of-the-ai4eu-project-with-european-leaders-in-artificial-intelligence-in-barcelona-9th-11th-january-2019","status":"publish","type":"post","link":"https:\/\/www.gatv.ssr.upm.es\/index.php\/2019\/01\/11\/kick-off-meeting-of-the-ai4eu-project-with-european-leaders-in-artificial-intelligence-in-barcelona-9th-11th-january-2019\/","title":{"rendered":"Kick-off meeting of the AI4EU project with european leaders in Artificial Intelligence in Barcelona, 9th-11th January 2019"},"content":{"rendered":"<div style=\"text-align: justify;\">European leaders in Artificial Intelligence attended the kick-off meeting of the project AI4EU in Barcelona in order to promote the use of this technology in the EU. The partners of the project, including Universidad Polit\u00e9cnica de Madrid with assistance of Dr. Federico \u00c1lvarez, met at the Auditorium of the V\u00e8rtex Building of the Universitat Polit\u00e8cnica de Catalunya \u00b7 BarcelonaTech (UPC) during the dates 9th, 10th and 11th January 2019.<\/p>\n<p>The AI4EU project aims to mobilise European leaders in Artificial Intelligence (AI) to make available to users resources based on this technology that facilitate scientific research and innovation, analyse the needs of future research in AI and create an observatory of ethics that promotes an Artificial Intelligence centred on the human being.<\/p>\n<p>AI4EU project is led by THALES (France) and receives a total funding of \u20ac20 million over the next 3 years. \u20ac3 million will be allocated for Financial Support for Third Parties (FSTPs) to fund promising projects exploiting the resources and services offered by the platform to foster technology transfer of AI-based solutions.<\/p>\n<div id=\"attachment_6298\" style=\"width: 2058px\" class=\"wp-caption aligncenter\"><a href=\"https:\/\/www.gatv.ssr.upm.es\/wp-content\/uploads\/2019\/01\/AI4EU_partners.jpg\"><img loading=\"lazy\" decoding=\"async\" aria-describedby=\"caption-attachment-6298\" class=\"size-full wp-image-6298\" src=\"https:\/\/www.gatv.ssr.upm.es\/wp-content\/uploads\/2019\/01\/AI4EU_partners.jpg\" alt=\"Partners of the AI4EU Project during the kick-off meeting\" width=\"2048\" height=\"1392\" srcset=\"https:\/\/www.gatv.ssr.upm.es\/wp-content\/uploads\/2019\/01\/AI4EU_partners.jpg 2048w, https:\/\/www.gatv.ssr.upm.es\/wp-content\/uploads\/2019\/01\/AI4EU_partners-300x204.jpg 300w, https:\/\/www.gatv.ssr.upm.es\/wp-content\/uploads\/2019\/01\/AI4EU_partners-768x522.jpg 768w, https:\/\/www.gatv.ssr.upm.es\/wp-content\/uploads\/2019\/01\/AI4EU_partners-1024x696.jpg 1024w, https:\/\/www.gatv.ssr.upm.es\/wp-content\/uploads\/2019\/01\/AI4EU_partners-1500x1020.jpg 1500w, https:\/\/www.gatv.ssr.upm.es\/wp-content\/uploads\/2019\/01\/AI4EU_partners-705x479.jpg 705w, https:\/\/www.gatv.ssr.upm.es\/wp-content\/uploads\/2019\/01\/AI4EU_partners-450x306.jpg 450w\" sizes=\"auto, (max-width: 2048px) 100vw, 2048px\" \/><\/a><p id=\"caption-attachment-6298\" class=\"wp-caption-text\">Partners of the AI4EU Project during the kick-off meeting<\/p><\/div>\n<p>More information about the <a href=\"http:\/\/ai4eu.org\/\">AI4EU Project<\/a> in the following <a href=\"http:\/\/ai4eu.org\/\">link<\/a>.<\/p>\n<p><a href=\"https:\/\/www.gatv.ssr.upm.es\/wp-content\/uploads\/2019\/01\/faldon_ai4eu0.png\"><img loading=\"lazy\" decoding=\"async\" src=\"https:\/\/www.gatv.ssr.upm.es\/wp-content\/uploads\/2019\/01\/faldon_ai4eu0.png\" alt=\"Fald\u00f3n AI4EU\" class=\"aligncenter size-full wp-image-6583\" width=\"1661\" height=\"147\" srcset=\"https:\/\/www.gatv.ssr.upm.es\/wp-content\/uploads\/2019\/01\/faldon_ai4eu0.png 1661w, https:\/\/www.gatv.ssr.upm.es\/wp-content\/uploads\/2019\/01\/faldon_ai4eu0-300x27.png 300w, https:\/\/www.gatv.ssr.upm.es\/wp-content\/uploads\/2019\/01\/faldon_ai4eu0-768x68.png 768w, https:\/\/www.gatv.ssr.upm.es\/wp-content\/uploads\/2019\/01\/faldon_ai4eu0-1024x91.png 1024w, https:\/\/www.gatv.ssr.upm.es\/wp-content\/uploads\/2019\/01\/faldon_ai4eu0-1500x133.png 1500w, https:\/\/www.gatv.ssr.upm.es\/wp-content\/uploads\/2019\/01\/faldon_ai4eu0-705x62.png 705w, https:\/\/www.gatv.ssr.upm.es\/wp-content\/uploads\/2019\/01\/faldon_ai4eu0-450x40.png 450w\" sizes=\"auto, (max-width: 1661px) 100vw, 1661px\" \/><\/a><\/p>\n<hr>\n<\/div>\n","protected":false},"excerpt":{"rendered":"<p>European leaders in Artificial Intelligence attended the kick-off meeting of the project AI4EU in Barcelona in order to promote the use of this technology in the EU. The partners of the project, including Universidad Polit\u00e9cnica de Madrid with assistance of Dr. Federico \u00c1lvarez, met at the Auditorium of the V\u00e8rtex Building of the Universitat Polit\u00e8cnica [&hellip;]<\/p>\n","protected":false},"author":4,"featured_media":6300,"comment_status":"closed","ping_status":"open","sticky":false,"template":"","format":"standard","meta":{"_acf_changed":false,"footnotes":""},"categories":[293,47,1933],"tags":[1955,1957,1959,313,192,176],"class_list":["post-6297","post","type-post","status-publish","format-standard","has-post-thumbnail","hentry","category-ai4eu","category-noticias-en","category-previous","tag-ai4eu-en","tag-artificial-intelligence-en","tag-europe-en","tag-leaders","tag-project","tag-universidad-politecnica-de-madrid"],"acf":[],"_links":{"self":[{"href":"https:\/\/www.gatv.ssr.upm.es\/index.php\/wp-json\/wp\/v2\/posts\/6297","targetHints":{"allow":["GET"]}}],"collection":[{"href":"https:\/\/www.gatv.ssr.upm.es\/index.php\/wp-json\/wp\/v2\/posts"}],"about":[{"href":"https:\/\/www.gatv.ssr.upm.es\/index.php\/wp-json\/wp\/v2\/types\/post"}],"author":[{"embeddable":true,"href":"https:\/\/www.gatv.ssr.upm.es\/index.php\/wp-json\/wp\/v2\/users\/4"}],"replies":[{"embeddable":true,"href":"https:\/\/www.gatv.ssr.upm.es\/index.php\/wp-json\/wp\/v2\/comments?post=6297"}],"version-history":[{"count":4,"href":"https:\/\/www.gatv.ssr.upm.es\/index.php\/wp-json\/wp\/v2\/posts\/6297\/revisions"}],"predecessor-version":[{"id":9047,"href":"https:\/\/www.gatv.ssr.upm.es\/index.php\/wp-json\/wp\/v2\/posts\/6297\/revisions\/9047"}],"wp:featuredmedia":[{"embeddable":true,"href":"https:\/\/www.gatv.ssr.upm.es\/index.php\/wp-json\/wp\/v2\/media\/6300"}],"wp:attachment":[{"href":"https:\/\/www.gatv.ssr.upm.es\/index.php\/wp-json\/wp\/v2\/media?parent=6297"}],"wp:term":[{"taxonomy":"category","embeddable":true,"href":"https:\/\/www.gatv.ssr.upm.es\/index.php\/wp-json\/wp\/v2\/categories?post=6297"},{"taxonomy":"post_tag","embeddable":true,"href":"https:\/\/www.gatv.ssr.upm.es\/index.php\/wp-json\/wp\/v2\/tags?post=6297"}],"curies":[{"name":"wp","href":"https:\/\/api.w.org\/{rel}","templated":true}]}}