{"id":6314,"date":"2018-12-05T18:38:57","date_gmt":"2018-12-05T16:38:57","guid":{"rendered":"http:\/\/www.gatv.ssr.upm.es\/?p=6314"},"modified":"2023-02-10T13:27:06","modified_gmt":"2023-02-10T11:27:06","slug":"reunion-de-la-comision-paritaria-de-la-catedra-rtve-en-la-upm-4-de-diciembre-de-2018-2","status":"publish","type":"post","link":"https:\/\/www.gatv.ssr.upm.es\/index.php\/2018\/12\/05\/reunion-de-la-comision-paritaria-de-la-catedra-rtve-en-la-upm-4-de-diciembre-de-2018-2\/","title":{"rendered":"Reuni\u00f3n de la Comisi\u00f3n Paritaria de la C\u00e1tedra RTVE en la UPM, 4 de diciembre de 2018"},"content":{"rendered":"<div style=\"text-align: justify;\">El pasado 4 de diciembre tuvo lugar en la Escuela T\u00e9cnica Superior de Ingenieros de Telecomunicaci\u00f3n una reuni\u00f3n de la Comisi\u00f3n Paritaria de la <a href=\"http:\/\/catedra.rtve.etsit.upm.es\/\" target=\"_blank\" rel=\"noopener\">C\u00e1tedra RTVE en la UPM<\/a>.<\/p>\n<p>En esta reuni\u00f3n se hizo un repaso de las actividades realizadas en el marco de la C\u00e1tedra RTVE en la UPM durante el a\u00f1o 2018, valorando muy positivamente el evento organizado el 04 de octubre de 2018 sobre la primera producci\u00f3n y emisi\u00f3n en Espa\u00f1a de se\u00f1al UHD1-Fase 2 completa, as\u00ed como las m\u00faltiples participaciones de la C\u00e1tedra en eventos, como en el 5G Forum de M\u00e1laga (abril de 2018) y en el 4K Summit de M\u00e1laga (noviembre de 2018), entre otros.<\/p>\n<p>Se aprovech\u00f3 tambi\u00e9n para hacer una revisi\u00f3n de las actividades que la C\u00e1tedra RTVE en la UPM tiene en marcha actualmente y de otras nuevas contempladas para el a\u00f1o 2019.<\/p>\n<p>A la reuni\u00f3n acudieron, entre otros, Jos\u00e9 Manuel Men\u00e9ndez como director de la C\u00e1tedra, el profesor David Jim\u00e9nez, nuestro compa\u00f1ero investigador \u00c1lvaro Llorente y Adolfo Mu\u00f1oz y Miguel \u00c1ngel Bona, de Radio Televisi\u00f3n Espa\u00f1ola.<\/p>\n<\/div>\n","protected":false},"excerpt":{"rendered":"<p>El pasado 4 de diciembre tuvo lugar en la Escuela T\u00e9cnica Superior de Ingenieros de Telecomunicaci\u00f3n una reuni\u00f3n de la Comisi\u00f3n Paritaria de la C\u00e1tedra RTVE en la UPM. En esta reuni\u00f3n se hizo un repaso de las actividades realizadas en el marco de la C\u00e1tedra RTVE en la UPM durante el a\u00f1o 2018, valorando [&hellip;]<\/p>\n","protected":false},"author":3,"featured_media":9154,"comment_status":"closed","ping_status":"open","sticky":false,"template":"","format":"standard","meta":{"_acf_changed":false,"footnotes":""},"categories":[1931,1,43],"tags":[],"class_list":["post-6314","post","type-post","status-publish","format-standard","has-post-thumbnail","hentry","category-anterior","category-de-interes","category-noticias"],"acf":[],"_links":{"self":[{"href":"https:\/\/www.gatv.ssr.upm.es\/index.php\/wp-json\/wp\/v2\/posts\/6314","targetHints":{"allow":["GET"]}}],"collection":[{"href":"https:\/\/www.gatv.ssr.upm.es\/index.php\/wp-json\/wp\/v2\/posts"}],"about":[{"href":"https:\/\/www.gatv.ssr.upm.es\/index.php\/wp-json\/wp\/v2\/types\/post"}],"author":[{"embeddable":true,"href":"https:\/\/www.gatv.ssr.upm.es\/index.php\/wp-json\/wp\/v2\/users\/3"}],"replies":[{"embeddable":true,"href":"https:\/\/www.gatv.ssr.upm.es\/index.php\/wp-json\/wp\/v2\/comments?post=6314"}],"version-history":[{"count":5,"href":"https:\/\/www.gatv.ssr.upm.es\/index.php\/wp-json\/wp\/v2\/posts\/6314\/revisions"}],"predecessor-version":[{"id":9049,"href":"https:\/\/www.gatv.ssr.upm.es\/index.php\/wp-json\/wp\/v2\/posts\/6314\/revisions\/9049"}],"wp:featuredmedia":[{"embeddable":true,"href":"https:\/\/www.gatv.ssr.upm.es\/index.php\/wp-json\/wp\/v2\/media\/9154"}],"wp:attachment":[{"href":"https:\/\/www.gatv.ssr.upm.es\/index.php\/wp-json\/wp\/v2\/media?parent=6314"}],"wp:term":[{"taxonomy":"category","embeddable":true,"href":"https:\/\/www.gatv.ssr.upm.es\/index.php\/wp-json\/wp\/v2\/categories?post=6314"},{"taxonomy":"post_tag","embeddable":true,"href":"https:\/\/www.gatv.ssr.upm.es\/index.php\/wp-json\/wp\/v2\/tags?post=6314"}],"curies":[{"name":"wp","href":"https:\/\/api.w.org\/{rel}","templated":true}]}}