{"id":6416,"date":"2019-02-08T09:00:25","date_gmt":"2019-02-08T07:00:25","guid":{"rendered":"http:\/\/www.gatv.ssr.upm.es\/?p=6416"},"modified":"2023-02-10T13:05:21","modified_gmt":"2023-02-10T11:05:21","slug":"final-review-of-the-ict4life-h2020-european-project-in-luxembourg-7th-february-2019","status":"publish","type":"post","link":"https:\/\/www.gatv.ssr.upm.es\/index.php\/2019\/02\/08\/final-review-of-the-ict4life-h2020-european-project-in-luxembourg-7th-february-2019\/","title":{"rendered":"Final Review of the ICT4LIFE H2020 European Project in Luxembourg, 8th February 2019"},"content":{"rendered":"<div style=\"text-align: justify;\">\nThe final review of the <a href=\"http:\/\/www.ict4life.eu\">ICT4LIFE H2020 European Project<\/a> takes place in Luxembourg on February 8th. The partners of the project, including our colleagues Gustavo Hern\u00e1ndez and David Mart\u00edn from Universidad Polit\u00e9cnica de Madrid, are presenting the final results and drawing conclusions about the success of technical advances obtained during the development of the project.<\/p>\n<div id=\"attachment_6475\" style=\"width: 1610px\" class=\"wp-caption aligncenter\"><a href=\"https:\/\/www.gatv.ssr.upm.es\/wp-content\/uploads\/2019\/02\/IMG-20190208-WA0004-1.jpg\"><img loading=\"lazy\" decoding=\"async\" aria-describedby=\"caption-attachment-6475\" src=\"https:\/\/www.gatv.ssr.upm.es\/wp-content\/uploads\/2019\/02\/IMG-20190208-WA0004-1.jpg\" alt=\"Partners of the ICT4LIFE Project in the final review\" class=\"size-full wp-image-6475\" width=\"1600\" height=\"1200\" srcset=\"https:\/\/www.gatv.ssr.upm.es\/wp-content\/uploads\/2019\/02\/IMG-20190208-WA0004-1.jpg 1600w, https:\/\/www.gatv.ssr.upm.es\/wp-content\/uploads\/2019\/02\/IMG-20190208-WA0004-1-300x225.jpg 300w, https:\/\/www.gatv.ssr.upm.es\/wp-content\/uploads\/2019\/02\/IMG-20190208-WA0004-1-768x576.jpg 768w, https:\/\/www.gatv.ssr.upm.es\/wp-content\/uploads\/2019\/02\/IMG-20190208-WA0004-1-1024x768.jpg 1024w, https:\/\/www.gatv.ssr.upm.es\/wp-content\/uploads\/2019\/02\/IMG-20190208-WA0004-1-1500x1125.jpg 1500w, https:\/\/www.gatv.ssr.upm.es\/wp-content\/uploads\/2019\/02\/IMG-20190208-WA0004-1-705x529.jpg 705w, https:\/\/www.gatv.ssr.upm.es\/wp-content\/uploads\/2019\/02\/IMG-20190208-WA0004-1-450x338.jpg 450w\" sizes=\"auto, (max-width: 1600px) 100vw, 1600px\" \/><\/a><p id=\"caption-attachment-6475\" class=\"wp-caption-text\">Partners of the ICT4LIFE Project in the final review<\/p><\/div>\n<p>ICT4Life is a three-year project financed by Horizon 2020, the EU Framework Programme for Research and Innovation, that kicked-off in Madrid on the 19th of January 2016 with the ambition to provide new services for integrated care employing user-friendly ICT tools, ultimately increasing patients with Parkinson\u2019s, Alzheimer\u2019s and other dementias and their caregivers\u2019 quality of life and autonomy at home.<\/p>\n<div id=\"attachment_6419\" style=\"width: 1610px\" class=\"wp-caption aligncenter\"><a href=\"https:\/\/www.gatv.ssr.upm.es\/wp-content\/uploads\/2019\/02\/WhatsApp-Image-2019-02-06-at-10.46.54.jpeg\"><img loading=\"lazy\" decoding=\"async\" aria-describedby=\"caption-attachment-6419\" src=\"https:\/\/www.gatv.ssr.upm.es\/wp-content\/uploads\/2019\/02\/WhatsApp-Image-2019-02-06-at-10.46.54.jpeg\" alt=\"Members of the ICT4LIFE Project preparing the Final Review in Luxembourg\" class=\"size-full wp-image-6419\" width=\"1600\" height=\"1200\" srcset=\"https:\/\/www.gatv.ssr.upm.es\/wp-content\/uploads\/2019\/02\/WhatsApp-Image-2019-02-06-at-10.46.54.jpeg 1600w, https:\/\/www.gatv.ssr.upm.es\/wp-content\/uploads\/2019\/02\/WhatsApp-Image-2019-02-06-at-10.46.54-300x225.jpeg 300w, https:\/\/www.gatv.ssr.upm.es\/wp-content\/uploads\/2019\/02\/WhatsApp-Image-2019-02-06-at-10.46.54-768x576.jpeg 768w, https:\/\/www.gatv.ssr.upm.es\/wp-content\/uploads\/2019\/02\/WhatsApp-Image-2019-02-06-at-10.46.54-1024x768.jpeg 1024w, https:\/\/www.gatv.ssr.upm.es\/wp-content\/uploads\/2019\/02\/WhatsApp-Image-2019-02-06-at-10.46.54-1500x1125.jpeg 1500w, https:\/\/www.gatv.ssr.upm.es\/wp-content\/uploads\/2019\/02\/WhatsApp-Image-2019-02-06-at-10.46.54-705x529.jpeg 705w, https:\/\/www.gatv.ssr.upm.es\/wp-content\/uploads\/2019\/02\/WhatsApp-Image-2019-02-06-at-10.46.54-450x338.jpeg 450w\" sizes=\"auto, (max-width: 1600px) 100vw, 1600px\" \/><\/a><p id=\"caption-attachment-6419\" class=\"wp-caption-text\">Members of the ICT4LIFE Project preparing the Final Review in Luxembourg<\/p><\/div>\n<p>The motivation behind ICT4Life comes from the need to find solutions aimed at developing the concepts of self-care, active patients and integrated care. To reach this goal, ICT4Life is developing through technological and social research a radically new approach to integrated care that is being materialised in the ICT4Life Platform.<\/p>\n<p>Check the demo about the recommendation service developed for the ICT4LIFE platform. For more information about the <a href=\"http:\/\/www.ict4life.eu\">ICT4LIFE Project<\/a> please push the <a href=\"http:\/\/www.ict4life.eu\">following link<\/a>.<\/p>\n<p><iframe loading=\"lazy\" src=\"https:\/\/www.youtube.com\/embed\/J-95sT_wPos\" allow=\"accelerometer; autoplay; encrypted-media; gyroscope; picture-in-picture\" allowfullscreen=\"\" width=\"560\" height=\"315\" frameborder=\"0\"><\/iframe><\/p>\n<a href=\"https:\/\/www.gatv.ssr.upm.es\/wp-content\/uploads\/2019\/02\/ict4life-1.jpg\"><img loading=\"lazy\" decoding=\"async\" src=\"https:\/\/www.gatv.ssr.upm.es\/wp-content\/uploads\/2019\/02\/ict4life-1.jpg\" alt=\"ICT4LIFE: This project has received funding from the European Commision\" class=\"size-full wp-image-6501\" width=\"1718\" height=\"139\" srcset=\"https:\/\/www.gatv.ssr.upm.es\/wp-content\/uploads\/2019\/02\/ict4life-1.jpg 1718w, https:\/\/www.gatv.ssr.upm.es\/wp-content\/uploads\/2019\/02\/ict4life-1-300x24.jpg 300w, https:\/\/www.gatv.ssr.upm.es\/wp-content\/uploads\/2019\/02\/ict4life-1-768x62.jpg 768w, https:\/\/www.gatv.ssr.upm.es\/wp-content\/uploads\/2019\/02\/ict4life-1-1024x83.jpg 1024w, https:\/\/www.gatv.ssr.upm.es\/wp-content\/uploads\/2019\/02\/ict4life-1-1500x121.jpg 1500w, https:\/\/www.gatv.ssr.upm.es\/wp-content\/uploads\/2019\/02\/ict4life-1-705x57.jpg 705w, https:\/\/www.gatv.ssr.upm.es\/wp-content\/uploads\/2019\/02\/ict4life-1-450x36.jpg 450w\" sizes=\"auto, (max-width: 1718px) 100vw, 1718px\" \/><\/a>\n<hr>\n<\/div>\n","protected":false},"excerpt":{"rendered":"<p>The final review of the ICT4LIFE H2020 European Project takes place in Luxembourg on February 8th. The partners of the project, including our colleagues Gustavo Hern\u00e1ndez and David Mart\u00edn from Universidad Polit\u00e9cnica de Madrid, are presenting the final results and drawing conclusions about the success of technical advances obtained during the development of the project. [&hellip;]<\/p>\n","protected":false},"author":4,"featured_media":6417,"comment_status":"closed","ping_status":"open","sticky":false,"template":"","format":"standard","meta":{"_acf_changed":false,"footnotes":""},"categories":[285,47,1933],"tags":[1943,1945,351,352,1947],"class_list":["post-6416","post","type-post","status-publish","format-standard","has-post-thumbnail","hentry","category-ict4life","category-noticias-en","category-previous","tag-eseniors-en","tag-final-review-en","tag-luxembourg","tag-maastricht-university","tag-proyecto-en"],"acf":[],"_links":{"self":[{"href":"https:\/\/www.gatv.ssr.upm.es\/index.php\/wp-json\/wp\/v2\/posts\/6416","targetHints":{"allow":["GET"]}}],"collection":[{"href":"https:\/\/www.gatv.ssr.upm.es\/index.php\/wp-json\/wp\/v2\/posts"}],"about":[{"href":"https:\/\/www.gatv.ssr.upm.es\/index.php\/wp-json\/wp\/v2\/types\/post"}],"author":[{"embeddable":true,"href":"https:\/\/www.gatv.ssr.upm.es\/index.php\/wp-json\/wp\/v2\/users\/4"}],"replies":[{"embeddable":true,"href":"https:\/\/www.gatv.ssr.upm.es\/index.php\/wp-json\/wp\/v2\/comments?post=6416"}],"version-history":[{"count":8,"href":"https:\/\/www.gatv.ssr.upm.es\/index.php\/wp-json\/wp\/v2\/posts\/6416\/revisions"}],"predecessor-version":[{"id":9042,"href":"https:\/\/www.gatv.ssr.upm.es\/index.php\/wp-json\/wp\/v2\/posts\/6416\/revisions\/9042"}],"wp:featuredmedia":[{"embeddable":true,"href":"https:\/\/www.gatv.ssr.upm.es\/index.php\/wp-json\/wp\/v2\/media\/6417"}],"wp:attachment":[{"href":"https:\/\/www.gatv.ssr.upm.es\/index.php\/wp-json\/wp\/v2\/media?parent=6416"}],"wp:term":[{"taxonomy":"category","embeddable":true,"href":"https:\/\/www.gatv.ssr.upm.es\/index.php\/wp-json\/wp\/v2\/categories?post=6416"},{"taxonomy":"post_tag","embeddable":true,"href":"https:\/\/www.gatv.ssr.upm.es\/index.php\/wp-json\/wp\/v2\/tags?post=6416"}],"curies":[{"name":"wp","href":"https:\/\/api.w.org\/{rel}","templated":true}]}}