{"id":6519,"date":"2019-02-14T09:00:54","date_gmt":"2019-02-14T07:00:54","guid":{"rendered":"http:\/\/www.gatv.ssr.upm.es\/?p=6519"},"modified":"2023-02-10T13:04:44","modified_gmt":"2023-02-10T11:04:44","slug":"reunion-de-kick-off-del-proyecto-mipac-cm-en-la-etsi-de-telecomunicacion-madrid-14-de-febrero-de-2019","status":"publish","type":"post","link":"https:\/\/www.gatv.ssr.upm.es\/index.php\/2019\/02\/14\/reunion-de-kick-off-del-proyecto-mipac-cm-en-la-etsi-de-telecomunicacion-madrid-14-de-febrero-de-2019\/","title":{"rendered":"Reuni\u00f3n de kick-off del proyecto MIPAC-CM en la ETSI de Telecomunicaci\u00f3n, Madrid, 14 de febrero de 2019"},"content":{"rendered":"<div style=\"text-align: justify;\">\n<p>El pasado 14 de febrero de 2019 tuvo lugar la reuni\u00f3n de kick-off del proyecto <a href=\"http:\/\/www.mipac-cm.es\">MIPAC-CM<\/a> en la E.T.S.I de Telecomunicaci\u00f3n de la Universidad Polit\u00e9cnica de Madrid con miembros pertenecientes a los grupos de investigaci\u00f3n participantes: el coordinador Emilio Cano por parte del grupo <a href=\"http:\/\/www.cenim.csic.es\/index.php\/copac-personal\/803-grupo-copac\">COPAC (Corrosi\u00f3n y Protecci\u00f3n de Metales en Patrimonio Cultural y Construcci\u00f3n)<\/a> del <a href=\"http:\/\/www.cenim.csic.es\/\">Centro Nacional de Investigaciones Metal\u00fargicas (CENIM)<\/a> del <a href=\"http:\/\/www.csic.es\/\">Centro Superior de Investigaciones Cient\u00edficas (CSIC)<\/a>; y Jos\u00e9 Manuel Men\u00e9ndez y Juan Pedro L\u00f3pez del <a href=\"https:\/\/www.gatv.ssr.upm.es\">Grupo de Aplicaci\u00f3n de Telecomunicaciones Visuales (GATV)<\/a> de la <a href=\"http:\/\/www.upm.es\/\">Universidad Polit\u00e9cnica de Madrid (UPM)<\/a>. MIPAC-CM pertenece al programa de proyectos sin\u00e9rgicos de I+D en \u00e1reas cient\u00edficas interdisciplinares del plan Madri+d de la Comunidad de Madrid con financiaci\u00f3n del Fondo Social Europeo (FSE) y del Fondo Europeo de Desarrollo Regional (FEDER).<\/p>\n<div id=\"attachment_6521\" style=\"width: 3978px\" class=\"wp-caption aligncenter\"><a href=\"https:\/\/www.gatv.ssr.upm.es\/wp-content\/uploads\/2019\/02\/IMG_20190214_160334.jpg\"><img loading=\"lazy\" decoding=\"async\" aria-describedby=\"caption-attachment-6521\" class=\"size-full wp-image-6521\" src=\"https:\/\/www.gatv.ssr.upm.es\/wp-content\/uploads\/2019\/02\/IMG_20190214_160334.jpg\" alt=\"Miembros del grupo COPAC del CSIC y del GATV de la UPM en el kick-off del proyecto MIPAC-CM\" width=\"3968\" height=\"2240\" srcset=\"https:\/\/www.gatv.ssr.upm.es\/wp-content\/uploads\/2019\/02\/IMG_20190214_160334.jpg 3968w, https:\/\/www.gatv.ssr.upm.es\/wp-content\/uploads\/2019\/02\/IMG_20190214_160334-300x169.jpg 300w, https:\/\/www.gatv.ssr.upm.es\/wp-content\/uploads\/2019\/02\/IMG_20190214_160334-768x434.jpg 768w, https:\/\/www.gatv.ssr.upm.es\/wp-content\/uploads\/2019\/02\/IMG_20190214_160334-1024x578.jpg 1024w, https:\/\/www.gatv.ssr.upm.es\/wp-content\/uploads\/2019\/02\/IMG_20190214_160334-1500x847.jpg 1500w, https:\/\/www.gatv.ssr.upm.es\/wp-content\/uploads\/2019\/02\/IMG_20190214_160334-705x398.jpg 705w, https:\/\/www.gatv.ssr.upm.es\/wp-content\/uploads\/2019\/02\/IMG_20190214_160334-450x254.jpg 450w\" sizes=\"auto, (max-width: 3968px) 100vw, 3968px\" \/><\/a><p id=\"caption-attachment-6521\" class=\"wp-caption-text\">Miembros del grupo COPAC del CSIC y del GATV de la UPM en el kick-off del proyecto MIPAC-CM<\/p><\/div>\n<p>El proyecto <em>MIPAC: Monitorizaci\u00f3n por Procesado de Imagen y Ciencia Ciudadana para la Conservaci\u00f3n de Materiales del Patrimonio Cultural<\/em> tiene como objetivo principal desarrollar una soluci\u00f3n innovadora basada en dos\u00edmetros met\u00e1licos, procesado de imagen y ciencia ciudadana para dotar a los museos de una herramienta de bajo coste para la monitorizaci\u00f3n del estado de conservaci\u00f3n de sus colecciones.<\/p>\n<p><a href=\"https:\/\/www.gatv.ssr.upm.es\/wp-content\/uploads\/2019\/02\/faldon_con_logo_mipac-1.png\"><img loading=\"lazy\" decoding=\"async\" src=\"https:\/\/www.gatv.ssr.upm.es\/wp-content\/uploads\/2019\/02\/faldon_con_logo_mipac-1.png\" alt=\"Logo del Proyecto MIPAC, Comunidad de Madrid, FSE y FEDER\" width=\"1311\" height=\"113\" class=\"aligncenter size-full wp-image-6538\" srcset=\"https:\/\/www.gatv.ssr.upm.es\/wp-content\/uploads\/2019\/02\/faldon_con_logo_mipac-1.png 1311w, https:\/\/www.gatv.ssr.upm.es\/wp-content\/uploads\/2019\/02\/faldon_con_logo_mipac-1-300x26.png 300w, https:\/\/www.gatv.ssr.upm.es\/wp-content\/uploads\/2019\/02\/faldon_con_logo_mipac-1-768x66.png 768w, https:\/\/www.gatv.ssr.upm.es\/wp-content\/uploads\/2019\/02\/faldon_con_logo_mipac-1-1024x88.png 1024w, https:\/\/www.gatv.ssr.upm.es\/wp-content\/uploads\/2019\/02\/faldon_con_logo_mipac-1-705x61.png 705w, https:\/\/www.gatv.ssr.upm.es\/wp-content\/uploads\/2019\/02\/faldon_con_logo_mipac-1-450x39.png 450w\" sizes=\"auto, (max-width: 1311px) 100vw, 1311px\" \/><\/a><\/p>\n<hr \/>\n<\/div>\n","protected":false},"excerpt":{"rendered":"<p>El pasado 14 de febrero de 2019 tuvo lugar la reuni\u00f3n de kick-off del proyecto MIPAC-CM en la E.T.S.I de Telecomunicaci\u00f3n de la Universidad Polit\u00e9cnica de Madrid con miembros pertenecientes a los grupos de investigaci\u00f3n participantes: el coordinador Emilio Cano por parte del grupo COPAC (Corrosi\u00f3n y Protecci\u00f3n de Metales en Patrimonio Cultural y Construcci\u00f3n) [&hellip;]<\/p>\n","protected":false},"author":4,"featured_media":6531,"comment_status":"closed","ping_status":"open","sticky":false,"template":"","format":"standard","meta":{"_acf_changed":false,"footnotes":""},"categories":[1931,363,43,362,289],"tags":[1891,1893,368,1895,73,186,385,1897,1899,72],"class_list":["post-6519","post","type-post","status-publish","format-standard","has-post-thumbnail","hentry","category-anterior","category-mipac-cm","category-noticias","category-patrimonio-cultural","category-proyectos","tag-cenim-es","tag-copac-es","tag-csic","tag-emilio-cano-es","tag-gatv","tag-jose-manuel-menendez","tag-juan-pedro-lope","tag-mipac-es","tag-mipac-cm-es","tag-upm"],"acf":[],"_links":{"self":[{"href":"https:\/\/www.gatv.ssr.upm.es\/index.php\/wp-json\/wp\/v2\/posts\/6519","targetHints":{"allow":["GET"]}}],"collection":[{"href":"https:\/\/www.gatv.ssr.upm.es\/index.php\/wp-json\/wp\/v2\/posts"}],"about":[{"href":"https:\/\/www.gatv.ssr.upm.es\/index.php\/wp-json\/wp\/v2\/types\/post"}],"author":[{"embeddable":true,"href":"https:\/\/www.gatv.ssr.upm.es\/index.php\/wp-json\/wp\/v2\/users\/4"}],"replies":[{"embeddable":true,"href":"https:\/\/www.gatv.ssr.upm.es\/index.php\/wp-json\/wp\/v2\/comments?post=6519"}],"version-history":[{"count":7,"href":"https:\/\/www.gatv.ssr.upm.es\/index.php\/wp-json\/wp\/v2\/posts\/6519\/revisions"}],"predecessor-version":[{"id":6540,"href":"https:\/\/www.gatv.ssr.upm.es\/index.php\/wp-json\/wp\/v2\/posts\/6519\/revisions\/6540"}],"wp:featuredmedia":[{"embeddable":true,"href":"https:\/\/www.gatv.ssr.upm.es\/index.php\/wp-json\/wp\/v2\/media\/6531"}],"wp:attachment":[{"href":"https:\/\/www.gatv.ssr.upm.es\/index.php\/wp-json\/wp\/v2\/media?parent=6519"}],"wp:term":[{"taxonomy":"category","embeddable":true,"href":"https:\/\/www.gatv.ssr.upm.es\/index.php\/wp-json\/wp\/v2\/categories?post=6519"},{"taxonomy":"post_tag","embeddable":true,"href":"https:\/\/www.gatv.ssr.upm.es\/index.php\/wp-json\/wp\/v2\/tags?post=6519"}],"curies":[{"name":"wp","href":"https:\/\/api.w.org\/{rel}","templated":true}]}}