{"id":6534,"date":"2019-02-14T09:00:53","date_gmt":"2019-02-14T07:00:53","guid":{"rendered":"http:\/\/www.gatv.ssr.upm.es\/?p=6534"},"modified":"2023-02-23T12:51:40","modified_gmt":"2023-02-23T10:51:40","slug":"kick-off-meeting-of-the-mipac-cm-in-universidad-politecnica-de-madrid-madrid-14th-february-2019","status":"publish","type":"post","link":"https:\/\/www.gatv.ssr.upm.es\/index.php\/2019\/02\/14\/kick-off-meeting-of-the-mipac-cm-in-universidad-politecnica-de-madrid-madrid-14th-february-2019\/","title":{"rendered":"Kick-off Meeting of the MIPAC-CM in Universidad Polit\u00e9cnica de Madrid, Madrid, 14th February 2019"},"content":{"rendered":"<div style=\"text-align: justify;\">\n<p>The kick-off of the project <a href=\"http:\/\/www.mipac-cm.es\">MIPAC-CM<\/a> took place on 14th February 2019 in the school E.T.S.I de Telecomunicaci\u00f3n de la Universidad Polit\u00e9cnica de Madrid with members belonging to the research groups participant: the coordinator Emilio Cano coming from <a href=\"http:\/\/www.cenim.csic.es\/index.php\/copac-personal\/803-grupo-copac\">COPAC (Corrosi\u00f3n y Protecci\u00f3n de Metales en Patrimonio Cultural y Construcci\u00f3n)<\/a> from <a href=\"http:\/\/www.cenim.csic.es\/\">Centro Nacional de Investigaciones Metal\u00fargicas (CENIM)<\/a> by the <a href=\"http:\/\/www.csic.es\/\">Centro Superior de Investigaciones Cient\u00edficas (CSIC)<\/a>; and Jos\u00e9 Manuel Men\u00e9ndez and Juan Pedro L\u00f3pez from <a href=\"https:\/\/www.gatv.ssr.upm.es\">Grupo de Aplicaci\u00f3n de Telecomunicaciones Visuales (GATV)<\/a> in the <a href=\"http:\/\/www.upm.es\/\">Universidad Polit\u00e9cnica de Madrid (UPM)<\/a>. MIPAC-CM Project belongs to the programme for synergic Research and Development Projects in interdisciplinary scientific areas of the plan Madri+d from Comunidad de Madrid with funding from  <a href=\"http:\/\/ec.europa.eu\/esf\/home.jsp?langId=en\">European Social Fund (ESF)<\/a> and the <a href=\"https:\/\/ec.europa.eu\/regional_policy\/en\/funding\/erdf\/\">European Regional Development Fund (ERDF)<\/a>.<\/p>\n<div id=\"attachment_6521\" style=\"width: 3978px\" class=\"wp-caption aligncenter\"><a href=\"https:\/\/www.gatv.ssr.upm.es\/wp-content\/uploads\/2019\/02\/IMG_20190214_160334.jpg\"><img loading=\"lazy\" decoding=\"async\" aria-describedby=\"caption-attachment-6521\" class=\"size-full wp-image-6521\" src=\"https:\/\/www.gatv.ssr.upm.es\/wp-content\/uploads\/2019\/02\/IMG_20190214_160334.jpg\" alt=\"Members of the group COPAC from CSIC and GATV from UPM in the kick-off of MIPAC-CM Project\" width=\"3968\" height=\"2240\" srcset=\"https:\/\/www.gatv.ssr.upm.es\/wp-content\/uploads\/2019\/02\/IMG_20190214_160334.jpg 3968w, https:\/\/www.gatv.ssr.upm.es\/wp-content\/uploads\/2019\/02\/IMG_20190214_160334-300x169.jpg 300w, https:\/\/www.gatv.ssr.upm.es\/wp-content\/uploads\/2019\/02\/IMG_20190214_160334-768x434.jpg 768w, https:\/\/www.gatv.ssr.upm.es\/wp-content\/uploads\/2019\/02\/IMG_20190214_160334-1024x578.jpg 1024w, https:\/\/www.gatv.ssr.upm.es\/wp-content\/uploads\/2019\/02\/IMG_20190214_160334-1500x847.jpg 1500w, https:\/\/www.gatv.ssr.upm.es\/wp-content\/uploads\/2019\/02\/IMG_20190214_160334-705x398.jpg 705w, https:\/\/www.gatv.ssr.upm.es\/wp-content\/uploads\/2019\/02\/IMG_20190214_160334-450x254.jpg 450w\" sizes=\"auto, (max-width: 3968px) 100vw, 3968px\" \/><\/a><p id=\"caption-attachment-6521\" class=\"wp-caption-text\">Members of the group COPAC from CSIC and GATV from UPM in the kick-off of MIPAC-CM Project<\/p><\/div>\n<p>The Project <em>MIPAC: Monitorizaci\u00f3n por Procesado de Imagen y Ciencia Ciudadana para la Conservaci\u00f3n de Materiales del Patrimonio Cultural (Monitoring through Image Processing and Citizen Science for Material Conservation of Cultural Heritage)<\/em> has the main goal of developing an innovative solution based on the use of metallic dosimeters, image processing and Citizen Science with mobile applications for offering a low-cost tool for assessing the level of conservation of Cultural Heritage museum collections.<\/p>\n<p><a href=\"https:\/\/www.gatv.ssr.upm.es\/wp-content\/uploads\/2019\/02\/faldon_con_logo_mipac-1.png\"><img loading=\"lazy\" decoding=\"async\" src=\"https:\/\/www.gatv.ssr.upm.es\/wp-content\/uploads\/2019\/02\/faldon_con_logo_mipac-1.png\" alt=\"Logos of the MIPAC-CM Project, Comunidad de Madrid, ESF y ERDF\" class=\"aligncenter size-full wp-image-6538\" width=\"1311\" height=\"113\" srcset=\"https:\/\/www.gatv.ssr.upm.es\/wp-content\/uploads\/2019\/02\/faldon_con_logo_mipac-1.png 1311w, https:\/\/www.gatv.ssr.upm.es\/wp-content\/uploads\/2019\/02\/faldon_con_logo_mipac-1-300x26.png 300w, https:\/\/www.gatv.ssr.upm.es\/wp-content\/uploads\/2019\/02\/faldon_con_logo_mipac-1-768x66.png 768w, https:\/\/www.gatv.ssr.upm.es\/wp-content\/uploads\/2019\/02\/faldon_con_logo_mipac-1-1024x88.png 1024w, https:\/\/www.gatv.ssr.upm.es\/wp-content\/uploads\/2019\/02\/faldon_con_logo_mipac-1-705x61.png 705w, https:\/\/www.gatv.ssr.upm.es\/wp-content\/uploads\/2019\/02\/faldon_con_logo_mipac-1-450x39.png 450w\" sizes=\"auto, (max-width: 1311px) 100vw, 1311px\" \/><\/a><\/p>\n<hr>\n<\/div>\n","protected":false},"excerpt":{"rendered":"<p>The kick-off of the project MIPAC-CM took place on 14th February 2019 in the school E.T.S.I de Telecomunicaci\u00f3n de la Universidad Polit\u00e9cnica de Madrid with members belonging to the research groups participant: the coordinator Emilio Cano coming from COPAC (Corrosi\u00f3n y Protecci\u00f3n de Metales en Patrimonio Cultural y Construcci\u00f3n) from Centro Nacional de Investigaciones Metal\u00fargicas [&hellip;]<\/p>\n","protected":false},"author":4,"featured_media":6532,"comment_status":"closed","ping_status":"open","sticky":false,"template":"","format":"standard","meta":{"_acf_changed":false,"footnotes":""},"categories":[374,375,47,1933,190],"tags":[382,383,1935,384,131,1961,221,380,381,139],"class_list":["post-6534","post","type-post","status-publish","format-standard","has-post-thumbnail","hentry","category-cultural-heritage","category-mipac-cm","category-noticias-en","category-previous","category-projects","tag-cenim","tag-copac","tag-csic-en","tag-emilio-cano","tag-gatv-en","tag-jose-manuel-menendez-en","tag-juan-pedro-lopez-en","tag-mipac","tag-mipac-cm","tag-upm-en"],"acf":[],"_links":{"self":[{"href":"https:\/\/www.gatv.ssr.upm.es\/index.php\/wp-json\/wp\/v2\/posts\/6534","targetHints":{"allow":["GET"]}}],"collection":[{"href":"https:\/\/www.gatv.ssr.upm.es\/index.php\/wp-json\/wp\/v2\/posts"}],"about":[{"href":"https:\/\/www.gatv.ssr.upm.es\/index.php\/wp-json\/wp\/v2\/types\/post"}],"author":[{"embeddable":true,"href":"https:\/\/www.gatv.ssr.upm.es\/index.php\/wp-json\/wp\/v2\/users\/4"}],"replies":[{"embeddable":true,"href":"https:\/\/www.gatv.ssr.upm.es\/index.php\/wp-json\/wp\/v2\/comments?post=6534"}],"version-history":[{"count":4,"href":"https:\/\/www.gatv.ssr.upm.es\/index.php\/wp-json\/wp\/v2\/posts\/6534\/revisions"}],"predecessor-version":[{"id":9040,"href":"https:\/\/www.gatv.ssr.upm.es\/index.php\/wp-json\/wp\/v2\/posts\/6534\/revisions\/9040"}],"wp:featuredmedia":[{"embeddable":true,"href":"https:\/\/www.gatv.ssr.upm.es\/index.php\/wp-json\/wp\/v2\/media\/6532"}],"wp:attachment":[{"href":"https:\/\/www.gatv.ssr.upm.es\/index.php\/wp-json\/wp\/v2\/media?parent=6534"}],"wp:term":[{"taxonomy":"category","embeddable":true,"href":"https:\/\/www.gatv.ssr.upm.es\/index.php\/wp-json\/wp\/v2\/categories?post=6534"},{"taxonomy":"post_tag","embeddable":true,"href":"https:\/\/www.gatv.ssr.upm.es\/index.php\/wp-json\/wp\/v2\/tags?post=6534"}],"curies":[{"name":"wp","href":"https:\/\/api.w.org\/{rel}","templated":true}]}}