{"id":6622,"date":"2019-03-05T09:00:31","date_gmt":"2019-03-05T07:00:31","guid":{"rendered":"http:\/\/www.gatv.ssr.upm.es\/?p=6622"},"modified":"2023-02-10T13:04:33","modified_gmt":"2023-02-10T11:04:33","slug":"9o-reunion-plenaria-del-proyecto-europeo-5g-media-en-la-sede-de-irt-munich-5-7-de-marzo-de-2019","status":"publish","type":"post","link":"https:\/\/www.gatv.ssr.upm.es\/index.php\/2019\/03\/05\/9o-reunion-plenaria-del-proyecto-europeo-5g-media-en-la-sede-de-irt-munich-5-7-de-marzo-de-2019\/","title":{"rendered":"9\u00ba Reuni\u00f3n Plenaria del Proyecto Europeo 5G-Media en la Sede de IRT, Munich, 5-7 de marzo de 2019"},"content":{"rendered":"<div style=\"text-align: justify;\">\nLa novena reuni\u00f3n plenaria del proyecto europeo H2020 5G-Media tuvo lugar en la sede de IRT en Munich del 5 al 7 de marzo de 2019 con la asistencia de David Jim\u00e9nez y Javier Serrano de la Universidad Polit\u00e9cnica de Madrid que presentaron los \u00faltimos avances en la investigaci\u00f3n realizada en el entorno del proyecto.<\/p>\n<p>Durante la plenaria se realiz\u00f3 una interesante visita a los estudios de <a href=\"https:\/\/www.irt.de\/en\/home\/\">IRT<\/a>, que incluyeron una presentaci\u00f3n de las \u00faltimas tecnolog\u00edas que emplea el radiodifusor alem\u00e1n. <\/p>\n<div id=\"attachment_6620\" style=\"width: 1602px\" class=\"wp-caption aligncenter\"><a href=\"https:\/\/www.gatv.ssr.upm.es\/wp-content\/uploads\/2019\/03\/5gmedia01.jpg\"><img loading=\"lazy\" decoding=\"async\" aria-describedby=\"caption-attachment-6620\" src=\"https:\/\/www.gatv.ssr.upm.es\/wp-content\/uploads\/2019\/03\/5gmedia01.jpg\" alt=\"Presentaci\u00f3n de bienvenida de la reuni\u00f3n plenaria del proyecto 5G-Media en IRT\" width=\"1592\" height=\"638\" class=\"size-full wp-image-6620\" srcset=\"https:\/\/www.gatv.ssr.upm.es\/wp-content\/uploads\/2019\/03\/5gmedia01.jpg 1592w, https:\/\/www.gatv.ssr.upm.es\/wp-content\/uploads\/2019\/03\/5gmedia01-300x120.jpg 300w, https:\/\/www.gatv.ssr.upm.es\/wp-content\/uploads\/2019\/03\/5gmedia01-768x308.jpg 768w, https:\/\/www.gatv.ssr.upm.es\/wp-content\/uploads\/2019\/03\/5gmedia01-1024x410.jpg 1024w, https:\/\/www.gatv.ssr.upm.es\/wp-content\/uploads\/2019\/03\/5gmedia01-1500x601.jpg 1500w, https:\/\/www.gatv.ssr.upm.es\/wp-content\/uploads\/2019\/03\/5gmedia01-705x283.jpg 705w, https:\/\/www.gatv.ssr.upm.es\/wp-content\/uploads\/2019\/03\/5gmedia01-450x180.jpg 450w\" sizes=\"auto, (max-width: 1592px) 100vw, 1592px\" \/><\/a><p id=\"caption-attachment-6620\" class=\"wp-caption-text\">Presentaci\u00f3n de bienvenida de la reuni\u00f3n plenaria del proyecto 5G-Media en IRT<\/p><\/div>\n<p>M\u00e1s informaci\u00f3n a trav\u00e9s del siguiente enlace: <a href=\"http:\/\/www.5gmedia.eu\/\">5G-Media<\/a>.<\/p>\n<p><a href=\"https:\/\/www.gatv.ssr.upm.es\/wp-content\/uploads\/2017\/03\/faldon_5gmedia0.png\"><img loading=\"lazy\" decoding=\"async\" class=\"aligncenter size-full wp-image-6571\" src=\"https:\/\/www.gatv.ssr.upm.es\/wp-content\/uploads\/2017\/03\/faldon_5gmedia0.png\" alt=\"\" width=\"1658\" height=\"152\" srcset=\"https:\/\/www.gatv.ssr.upm.es\/wp-content\/uploads\/2017\/03\/faldon_5gmedia0.png 1658w, https:\/\/www.gatv.ssr.upm.es\/wp-content\/uploads\/2017\/03\/faldon_5gmedia0-300x28.png 300w, https:\/\/www.gatv.ssr.upm.es\/wp-content\/uploads\/2017\/03\/faldon_5gmedia0-768x70.png 768w, https:\/\/www.gatv.ssr.upm.es\/wp-content\/uploads\/2017\/03\/faldon_5gmedia0-1024x94.png 1024w, https:\/\/www.gatv.ssr.upm.es\/wp-content\/uploads\/2017\/03\/faldon_5gmedia0-1500x138.png 1500w, https:\/\/www.gatv.ssr.upm.es\/wp-content\/uploads\/2017\/03\/faldon_5gmedia0-705x65.png 705w, https:\/\/www.gatv.ssr.upm.es\/wp-content\/uploads\/2017\/03\/faldon_5gmedia0-450x41.png 450w\" sizes=\"auto, (max-width: 1658px) 100vw, 1658px\" \/><\/a><\/p>\n<hr \/>\n<\/div>\n","protected":false},"excerpt":{"rendered":"<p>La novena reuni\u00f3n plenaria del proyecto europeo H2020 5G-Media tuvo lugar en la sede de IRT en Munich del 5 al 7 de marzo de 2019 con la asistencia de David Jim\u00e9nez y Javier Serrano de la Universidad Polit\u00e9cnica de Madrid que presentaron los \u00faltimos avances en la investigaci\u00f3n realizada en el entorno del proyecto. [&hellip;]<\/p>\n","protected":false},"author":4,"featured_media":6626,"comment_status":"closed","ping_status":"open","sticky":false,"template":"","format":"standard","meta":{"_acf_changed":false,"footnotes":""},"categories":[332,1931,1,43,289],"tags":[103,390,73,80,1887,79,1889,389,75,163,72],"class_list":["post-6622","post","type-post","status-publish","format-standard","has-post-thumbnail","hentry","category-5g-media","category-anterior","category-de-interes","category-noticias","category-proyectos","tag-5g-media","tag-david-jimenez","tag-gatv","tag-irt","tag-javier-serrano-es","tag-munich","tag-nextworks-es","tag-plenaria","tag-proyecto-europeo","tag-reunion","tag-upm"],"acf":[],"_links":{"self":[{"href":"https:\/\/www.gatv.ssr.upm.es\/index.php\/wp-json\/wp\/v2\/posts\/6622","targetHints":{"allow":["GET"]}}],"collection":[{"href":"https:\/\/www.gatv.ssr.upm.es\/index.php\/wp-json\/wp\/v2\/posts"}],"about":[{"href":"https:\/\/www.gatv.ssr.upm.es\/index.php\/wp-json\/wp\/v2\/types\/post"}],"author":[{"embeddable":true,"href":"https:\/\/www.gatv.ssr.upm.es\/index.php\/wp-json\/wp\/v2\/users\/4"}],"replies":[{"embeddable":true,"href":"https:\/\/www.gatv.ssr.upm.es\/index.php\/wp-json\/wp\/v2\/comments?post=6622"}],"version-history":[{"count":8,"href":"https:\/\/www.gatv.ssr.upm.es\/index.php\/wp-json\/wp\/v2\/posts\/6622\/revisions"}],"predecessor-version":[{"id":6649,"href":"https:\/\/www.gatv.ssr.upm.es\/index.php\/wp-json\/wp\/v2\/posts\/6622\/revisions\/6649"}],"wp:featuredmedia":[{"embeddable":true,"href":"https:\/\/www.gatv.ssr.upm.es\/index.php\/wp-json\/wp\/v2\/media\/6626"}],"wp:attachment":[{"href":"https:\/\/www.gatv.ssr.upm.es\/index.php\/wp-json\/wp\/v2\/media?parent=6622"}],"wp:term":[{"taxonomy":"category","embeddable":true,"href":"https:\/\/www.gatv.ssr.upm.es\/index.php\/wp-json\/wp\/v2\/categories?post=6622"},{"taxonomy":"post_tag","embeddable":true,"href":"https:\/\/www.gatv.ssr.upm.es\/index.php\/wp-json\/wp\/v2\/tags?post=6622"}],"curies":[{"name":"wp","href":"https:\/\/api.w.org\/{rel}","templated":true}]}}