{"id":6700,"date":"2019-03-29T09:00:17","date_gmt":"2019-03-29T07:00:17","guid":{"rendered":"http:\/\/www.gatv.ssr.upm.es\/?p=6700"},"modified":"2023-02-10T14:40:08","modified_gmt":"2023-02-10T12:40:08","slug":"iv-congreso-technoheritage-sobre-ciencia-y-tecnologia-para-la-conservacion-del-patrimonio-cultural-sevilla-26-30-de-marzo-de-2019","status":"publish","type":"post","link":"https:\/\/www.gatv.ssr.upm.es\/index.php\/2019\/03\/29\/iv-congreso-technoheritage-sobre-ciencia-y-tecnologia-para-la-conservacion-del-patrimonio-cultural-sevilla-26-30-de-marzo-de-2019\/","title":{"rendered":"IV Congreso Technoheritage sobre Ciencia y Tecnolog\u00eda para la Conservaci\u00f3n del Patrimonio Cultural, Sevilla, 26-30 de marzo de 2019"},"content":{"rendered":"<div style=\"text-align: justify;\">\nEl Congreso Technoheritage 2019, conocido espec\u00edficamente como \u00abIV Congress about Science and Technology for the Conservation of Cultural Heritage\u00bb (IV Congreso sobre Ciencia y Tecnolog\u00eda para la Conservaci\u00f3n del Patrimonio Cultural) tuvo lugar en Sevilla (Espa\u00f1a) durante las fechas comprendidas entre el 26 y 30 de marzo de 2019.<\/p>\n<div id=\"attachment_6746\" style=\"width: 4010px\" class=\"wp-caption aligncenter\"><a href=\"https:\/\/www.gatv.ssr.upm.es\/wp-content\/uploads\/2019\/03\/GRUPO3_TechnoHeritage_2019-2.jpg\"><img loading=\"lazy\" decoding=\"async\" aria-describedby=\"caption-attachment-6746\" class=\"size-full wp-image-6746\" src=\"https:\/\/www.gatv.ssr.upm.es\/wp-content\/uploads\/2019\/03\/GRUPO3_TechnoHeritage_2019-2.jpg\" alt=\"Asistentes al Congreso Technoheritage 2019\" width=\"4000\" height=\"2611\" srcset=\"https:\/\/www.gatv.ssr.upm.es\/wp-content\/uploads\/2019\/03\/GRUPO3_TechnoHeritage_2019-2.jpg 4000w, https:\/\/www.gatv.ssr.upm.es\/wp-content\/uploads\/2019\/03\/GRUPO3_TechnoHeritage_2019-2-300x196.jpg 300w, https:\/\/www.gatv.ssr.upm.es\/wp-content\/uploads\/2019\/03\/GRUPO3_TechnoHeritage_2019-2-768x501.jpg 768w, https:\/\/www.gatv.ssr.upm.es\/wp-content\/uploads\/2019\/03\/GRUPO3_TechnoHeritage_2019-2-1024x668.jpg 1024w, https:\/\/www.gatv.ssr.upm.es\/wp-content\/uploads\/2019\/03\/GRUPO3_TechnoHeritage_2019-2-1500x979.jpg 1500w, https:\/\/www.gatv.ssr.upm.es\/wp-content\/uploads\/2019\/03\/GRUPO3_TechnoHeritage_2019-2-705x460.jpg 705w, https:\/\/www.gatv.ssr.upm.es\/wp-content\/uploads\/2019\/03\/GRUPO3_TechnoHeritage_2019-2-450x294.jpg 450w\" sizes=\"auto, (max-width: 4000px) 100vw, 4000px\" \/><\/a><p id=\"caption-attachment-6746\" class=\"wp-caption-text\">Asistentes al Congreso Technoheritage 2019<\/p><\/div>\n<p>El Congreso est\u00e1 organizado por la red Tecnoheritage, una iniciativa a nivel nacional que a\u00fana esfuerzos en el campo de la restauraci\u00f3n y conservaci\u00f3n del Patrimonio Cultural, compuesta por grupos de investigaci\u00f3n procedentes de instituciones p\u00fablicas y universidades, as\u00ed como procedentes de la empresa privada. El grupo de investigaci\u00f3n GATV de la Universidad Polit\u00e9cnica de Madrid es miembro de esta comunidad y red de excelencia.<\/p>\n<div id=\"attachment_6693\" style=\"width: 3978px\" class=\"wp-caption aligncenter\"><a href=\"https:\/\/www.gatv.ssr.upm.es\/wp-content\/uploads\/2019\/04\/IMG_20190327_172020.jpg\"><img loading=\"lazy\" decoding=\"async\" aria-describedby=\"caption-attachment-6693\" class=\"size-full wp-image-6693\" src=\"https:\/\/www.gatv.ssr.upm.es\/wp-content\/uploads\/2019\/04\/IMG_20190327_172020.jpg\" alt=\"Emilio Cano y Blanca Ram\u00edrez del CSIC y Mar\u00eda Mart\u00edn Gil del IPCE presidiendo la asamblea de la red Technoheritage\" width=\"3968\" height=\"2240\" srcset=\"https:\/\/www.gatv.ssr.upm.es\/wp-content\/uploads\/2019\/04\/IMG_20190327_172020.jpg 3968w, https:\/\/www.gatv.ssr.upm.es\/wp-content\/uploads\/2019\/04\/IMG_20190327_172020-300x169.jpg 300w, https:\/\/www.gatv.ssr.upm.es\/wp-content\/uploads\/2019\/04\/IMG_20190327_172020-768x434.jpg 768w, https:\/\/www.gatv.ssr.upm.es\/wp-content\/uploads\/2019\/04\/IMG_20190327_172020-1024x578.jpg 1024w, https:\/\/www.gatv.ssr.upm.es\/wp-content\/uploads\/2019\/04\/IMG_20190327_172020-1500x847.jpg 1500w, https:\/\/www.gatv.ssr.upm.es\/wp-content\/uploads\/2019\/04\/IMG_20190327_172020-705x398.jpg 705w, https:\/\/www.gatv.ssr.upm.es\/wp-content\/uploads\/2019\/04\/IMG_20190327_172020-450x254.jpg 450w\" sizes=\"auto, (max-width: 3968px) 100vw, 3968px\" \/><\/a><p id=\"caption-attachment-6693\" class=\"wp-caption-text\">Emilio Cano y Blanca Ram\u00edrez del CSIC y Mar\u00eda Mart\u00edn Gil del IPCE presidiendo la asamblea de la red Technoheritage<\/p><\/div>\n<p>La conferencia ofrece una plataforma interdisciplinar y un foro internacional para discutir todos los aspectos del Patrimonio Cultural, incluyendo las tecnolog\u00edas digitales para la gesti\u00f3n sostenible, as\u00ed como la compartici\u00f3n del conocimiento en un entorno de innovaci\u00f3n social. Las tecnolog\u00edas emergentes en este entorno como el uso de los modelos de informaci\u00f3n digital (BIM y GIS, por ejemplo) para la prevenci\u00f3n, conservaci\u00f3n y mantenimiento del patrimonio cultural, as\u00ed como innovadoras t\u00e9cnicas de monitorizado y de gesti\u00f3n del valor social de la informaci\u00f3n, tambi\u00e9n tienen cabida en el congreso.<\/p>\n<div id=\"attachment_6695\" style=\"width: 3978px\" class=\"wp-caption aligncenter\"><a href=\"https:\/\/www.gatv.ssr.upm.es\/wp-content\/uploads\/2019\/04\/IMG_20190328_105929.jpg\"><img loading=\"lazy\" decoding=\"async\" aria-describedby=\"caption-attachment-6695\" class=\"size-full wp-image-6695\" src=\"https:\/\/www.gatv.ssr.upm.es\/wp-content\/uploads\/2019\/04\/IMG_20190328_105929.jpg\" alt=\"Pavillion of Uruguay (Seville), venue of the Conference\" width=\"3968\" height=\"2240\" srcset=\"https:\/\/www.gatv.ssr.upm.es\/wp-content\/uploads\/2019\/04\/IMG_20190328_105929.jpg 3968w, https:\/\/www.gatv.ssr.upm.es\/wp-content\/uploads\/2019\/04\/IMG_20190328_105929-300x169.jpg 300w, https:\/\/www.gatv.ssr.upm.es\/wp-content\/uploads\/2019\/04\/IMG_20190328_105929-768x434.jpg 768w, https:\/\/www.gatv.ssr.upm.es\/wp-content\/uploads\/2019\/04\/IMG_20190328_105929-1024x578.jpg 1024w, https:\/\/www.gatv.ssr.upm.es\/wp-content\/uploads\/2019\/04\/IMG_20190328_105929-1500x847.jpg 1500w, https:\/\/www.gatv.ssr.upm.es\/wp-content\/uploads\/2019\/04\/IMG_20190328_105929-705x398.jpg 705w, https:\/\/www.gatv.ssr.upm.es\/wp-content\/uploads\/2019\/04\/IMG_20190328_105929-450x254.jpg 450w\" sizes=\"auto, (max-width: 3968px) 100vw, 3968px\" \/><\/a><p id=\"caption-attachment-6695\" class=\"wp-caption-text\">Pabell\u00f3n de Uruguay (Sevilla), sede del Congreso<\/p><\/div>\n<p>Juan Pedro L\u00f3pez de la Universidad Polit\u00e9cnica de Madrid realiz\u00f3 una presentaci\u00f3n oral titulada \u00abDevelopment of software tools for the automatic generation of false-colour composites with hyperspectral image capturing\u00bb basada en los trabajos con herramientas de visi\u00f3n artificial para la creaci\u00f3n de im\u00e1genes de falso color, a trav\u00e9s de t\u00e9cnicas no-invasivas que faciliten el trabajo de los conservadores. Estos trabajos se realizan en colaboraci\u00f3n con el <a href=\"https:\/\/ipce.culturaydeporte.gob.es\/en\/inicio.html\">IPCE (Instituto del Patrimonio Cultural de Espa\u00f1a)<\/a>, que ha cedido materiales para el desarrollo de la investigaci\u00f3n, en forma de im\u00e1genes digitales de color, as\u00ed como capturas hiperestr\u00f3picas, de fluorescencia ultravioleta o de infrarrojos. Los otros autores de la presentaci\u00f3n incluyen a Carmen Vega y a Jos\u00e9 Manuel Men\u00e9ndez.<\/p>\n<p><a href=\"https:\/\/www.gatv.ssr.upm.es\/wp-content\/uploads\/2019\/02\/faldon_con_logo_mipac-1.png\"><img loading=\"lazy\" decoding=\"async\" class=\"aligncenter size-full wp-image-6538\" src=\"https:\/\/www.gatv.ssr.upm.es\/wp-content\/uploads\/2019\/02\/faldon_con_logo_mipac-1.png\" alt=\"Logos of the MIPAC-CM Project, Comunidad de Madrid, ESF y ERDF\" width=\"1311\" height=\"113\" srcset=\"https:\/\/www.gatv.ssr.upm.es\/wp-content\/uploads\/2019\/02\/faldon_con_logo_mipac-1.png 1311w, https:\/\/www.gatv.ssr.upm.es\/wp-content\/uploads\/2019\/02\/faldon_con_logo_mipac-1-300x26.png 300w, https:\/\/www.gatv.ssr.upm.es\/wp-content\/uploads\/2019\/02\/faldon_con_logo_mipac-1-768x66.png 768w, https:\/\/www.gatv.ssr.upm.es\/wp-content\/uploads\/2019\/02\/faldon_con_logo_mipac-1-1024x88.png 1024w, https:\/\/www.gatv.ssr.upm.es\/wp-content\/uploads\/2019\/02\/faldon_con_logo_mipac-1-705x61.png 705w, https:\/\/www.gatv.ssr.upm.es\/wp-content\/uploads\/2019\/02\/faldon_con_logo_mipac-1-450x39.png 450w\" sizes=\"auto, (max-width: 1311px) 100vw, 1311px\" \/><\/a><\/p>\n<hr>\n<\/div>\n","protected":false},"excerpt":{"rendered":"<p>El Congreso Technoheritage 2019, conocido espec\u00edficamente como \u00abIV Congress about Science and Technology for the Conservation of Cultural Heritage\u00bb (IV Congreso sobre Ciencia y Tecnolog\u00eda para la Conservaci\u00f3n del Patrimonio Cultural) tuvo lugar en Sevilla (Espa\u00f1a) durante las fechas comprendidas entre el 26 y 30 de marzo de 2019. El Congreso est\u00e1 organizado por la [&hellip;]<\/p>\n","protected":false},"author":4,"featured_media":6698,"comment_status":"closed","ping_status":"open","sticky":false,"template":"","format":"standard","meta":{"_acf_changed":false,"footnotes":""},"categories":[1931,1,363,43,362,289],"tags":[368,364,366],"class_list":["post-6700","post","type-post","status-publish","format-standard","has-post-thumbnail","hentry","category-anterior","category-de-interes","category-mipac-cm","category-noticias","category-patrimonio-cultural","category-proyectos","tag-csic","tag-ipce","tag-technoheritage"],"acf":[],"_links":{"self":[{"href":"https:\/\/www.gatv.ssr.upm.es\/index.php\/wp-json\/wp\/v2\/posts\/6700","targetHints":{"allow":["GET"]}}],"collection":[{"href":"https:\/\/www.gatv.ssr.upm.es\/index.php\/wp-json\/wp\/v2\/posts"}],"about":[{"href":"https:\/\/www.gatv.ssr.upm.es\/index.php\/wp-json\/wp\/v2\/types\/post"}],"author":[{"embeddable":true,"href":"https:\/\/www.gatv.ssr.upm.es\/index.php\/wp-json\/wp\/v2\/users\/4"}],"replies":[{"embeddable":true,"href":"https:\/\/www.gatv.ssr.upm.es\/index.php\/wp-json\/wp\/v2\/comments?post=6700"}],"version-history":[{"count":6,"href":"https:\/\/www.gatv.ssr.upm.es\/index.php\/wp-json\/wp\/v2\/posts\/6700\/revisions"}],"predecessor-version":[{"id":9329,"href":"https:\/\/www.gatv.ssr.upm.es\/index.php\/wp-json\/wp\/v2\/posts\/6700\/revisions\/9329"}],"wp:featuredmedia":[{"embeddable":true,"href":"https:\/\/www.gatv.ssr.upm.es\/index.php\/wp-json\/wp\/v2\/media\/6698"}],"wp:attachment":[{"href":"https:\/\/www.gatv.ssr.upm.es\/index.php\/wp-json\/wp\/v2\/media?parent=6700"}],"wp:term":[{"taxonomy":"category","embeddable":true,"href":"https:\/\/www.gatv.ssr.upm.es\/index.php\/wp-json\/wp\/v2\/categories?post=6700"},{"taxonomy":"post_tag","embeddable":true,"href":"https:\/\/www.gatv.ssr.upm.es\/index.php\/wp-json\/wp\/v2\/tags?post=6700"}],"curies":[{"name":"wp","href":"https:\/\/api.w.org\/{rel}","templated":true}]}}