{"id":6789,"date":"2019-05-23T09:00:25","date_gmt":"2019-05-23T07:00:25","guid":{"rendered":"http:\/\/www.gatv.ssr.upm.es\/?p=6789"},"modified":"2023-02-10T13:00:29","modified_gmt":"2023-02-10T11:00:29","slug":"11a-edicion-del-congreso-nem-summit-2019-zagreb-croatia-22-23-de-mayo-de-2019","status":"publish","type":"post","link":"https:\/\/www.gatv.ssr.upm.es\/index.php\/2019\/05\/23\/11a-edicion-del-congreso-nem-summit-2019-zagreb-croatia-22-23-de-mayo-de-2019\/","title":{"rendered":"11\u00aa edici\u00f3n del congreso Nem Summit 2019, Zagreb, Croatia, 22-23 de mayo de 2019"},"content":{"rendered":"<div style=\"text-align: justify;\">\nLa 11\u00aa edici\u00f3n del congreso anual <a href=\"https:\/\/nem-initiative.org\/nem-summit-2019-program\/\">Nem European Media Summit (Nem Summit) 2019<\/a> desarrollada por la plataforma <a href=\"https:\/\/nem-initiative.org\">NEM Initiative<\/a> tuvo lugar este a\u00f1o en el Museo Mimara de Zagrab (Croacia) del 22 al 23 de mayo de  2019. La NEM Initiative es la Nueva Plataforma europea de media (New European Media Technology Platform) que organiza cada a\u00f1o el congreso Nem Summit, consistente en presentaciones magistrales de ponentes varios, discusiones en mesas redondas y una exposici\u00f3n enfocada a presentar los resultados de varios proyectos de investigaci\u00f3n.<\/p>\n<p><!--\n\n[caption id=\"attachment_6779\" align=\"aligncenter\" width=\"1200\"]<a href=\"https:\/\/www.gatv.ssr.upm.es\/wp-content\/uploads\/2019\/05\/nem-summit-zagreb2.jpg\"><img loading=\"lazy\" decoding=\"async\" class=\"size-full wp-image-6779\" src=\"https:\/\/www.gatv.ssr.upm.es\/wp-content\/uploads\/2019\/05\/nem-summit-zagreb2.jpg\" alt=\"Nem Summit 2019, Zagreb (Croatia)\" width=\"1200\" height=\"360\" srcset=\"https:\/\/www.gatv.ssr.upm.es\/wp-content\/uploads\/2019\/05\/nem-summit-zagreb2.jpg 1200w, https:\/\/www.gatv.ssr.upm.es\/wp-content\/uploads\/2019\/05\/nem-summit-zagreb2-300x90.jpg 300w, https:\/\/www.gatv.ssr.upm.es\/wp-content\/uploads\/2019\/05\/nem-summit-zagreb2-768x230.jpg 768w, https:\/\/www.gatv.ssr.upm.es\/wp-content\/uploads\/2019\/05\/nem-summit-zagreb2-1024x307.jpg 1024w, https:\/\/www.gatv.ssr.upm.es\/wp-content\/uploads\/2019\/05\/nem-summit-zagreb2-705x212.jpg 705w, https:\/\/www.gatv.ssr.upm.es\/wp-content\/uploads\/2019\/05\/nem-summit-zagreb2-450x135.jpg 450w\" sizes=\"auto, (max-width: 1200px) 100vw, 1200px\" \/><\/a> Nem Summit 2019, Zagreb (Croatia)[\/caption]\n\n--><\/p>\n<div id=\"attachment_6808\" style=\"width: 1144px\" class=\"wp-caption aligncenter\"><a href=\"https:\/\/www.gatv.ssr.upm.es\/wp-content\/uploads\/2019\/05\/IMG_20190523_090346.jpg\"><img loading=\"lazy\" decoding=\"async\" aria-describedby=\"caption-attachment-6808\" src=\"https:\/\/www.gatv.ssr.upm.es\/wp-content\/uploads\/2019\/05\/IMG_20190523_090346.jpg\" alt=\"Members of the NEM Initiative, including Jos\u00e9 Manuel Men\u00e9ndez and Federico \u00c1lvarez from UPM\" class=\"size-full wp-image-6808\" width=\"1134\" height=\"850\" srcset=\"https:\/\/www.gatv.ssr.upm.es\/wp-content\/uploads\/2019\/05\/IMG_20190523_090346.jpg 1134w, https:\/\/www.gatv.ssr.upm.es\/wp-content\/uploads\/2019\/05\/IMG_20190523_090346-300x225.jpg 300w, https:\/\/www.gatv.ssr.upm.es\/wp-content\/uploads\/2019\/05\/IMG_20190523_090346-768x576.jpg 768w, https:\/\/www.gatv.ssr.upm.es\/wp-content\/uploads\/2019\/05\/IMG_20190523_090346-1024x768.jpg 1024w, https:\/\/www.gatv.ssr.upm.es\/wp-content\/uploads\/2019\/05\/IMG_20190523_090346-705x528.jpg 705w, https:\/\/www.gatv.ssr.upm.es\/wp-content\/uploads\/2019\/05\/IMG_20190523_090346-450x337.jpg 450w\" sizes=\"auto, (max-width: 1134px) 100vw, 1134px\" \/><\/a><p id=\"caption-attachment-6808\" class=\"wp-caption-text\">Miembros de la Iniciativa NEM, incluyendo Jos\u00e9 Manuel Men\u00e9ndez y Federico \u00c1lvarez de UPM<\/p><\/div>\n<p>La Universidad Polit\u00e9cnica de Madrid (UPM) particip\u00f3 en el evento a trav\u00e9s de la figura de Federico \u00c1lvarez Garc\u00eda, profesor titular e investigador en el grupo de investigaci\u00f3n GATV. Federico \u00c1lvarez y Mario Montagud (de la empresa i2Cat) discutieron en una mesa redonda (Sesi\u00f3n B-2) con diferentes ponentes acerca de la accesibilidad en Europa para la creaci\u00f3n de una plataforma de media inclusivo. UPM es socios del Cl\u00faster de proyectos de accesibilidad: ImAc, EasyTV, Content4All y SIGN-HUB. EasyTV se encunetra coordinado por UPM. Adem\u00e1s, Federico \u00c1lvarez colabor\u00f3 en otra mesa redonda (Sesi\u00f3n A-1) acerca de Inteligencia Artificial (AI) aplicado al contenido multimedia y las industrias creativas. En esta sesi\u00f3n se presentaron algunos de los trabajos presentados en estos proyectos en los desarrollados desarrollados en este entorno.<\/p>\n<p>Por otro lado, el investigador Massimo Magaldi de la empresa italiana Engineering habl\u00f3 acerca de los servicios avanzados de an\u00e1lisis de datos en el entorno del proyecto <a href=\"https:\/\/fandango-project.eu\/\">FANDANGO H2020 Project<\/a> para detectar las fuentes de desinformaci\u00f3n y las noticias falsas. UPM es tambi\u00e9n socio del consorcio del proyecto FANDANGO.<\/p>\n<p>Jos\u00e9 Manuel Men\u00e9ndez, director del grupo de investigaci\u00f3n GATV, tambi\u00e9n acudi\u00f3 al evento, y colabor\u00f3 en la sesi\u00f3n titulada \u00abAll in the Media &amp; Creative Industries\u00bb (\u00abTodos con el multimedia y las industrias creativas\u00bb).<\/p>\n<p>Para m\u00e1s informaci\u00f3n acerca del evento, por favor, pinche en el <a href=\"https:\/\/nem-initiative.org\/nem-summit-2019-program\/\">siguiente enlace<\/a>.<\/p>\n<hr>\n<\/div>\n","protected":false},"excerpt":{"rendered":"<p>La 11\u00aa edici\u00f3n del congreso anual Nem European Media Summit (Nem Summit) 2019 desarrollada por la plataforma NEM Initiative tuvo lugar este a\u00f1o en el Museo Mimara de Zagrab (Croacia) del 22 al 23 de mayo de 2019. La NEM Initiative es la Nueva Plataforma europea de media (New European Media Technology Platform) que organiza [&hellip;]<\/p>\n","protected":false},"author":4,"featured_media":6776,"comment_status":"closed","ping_status":"open","sticky":false,"template":"","format":"standard","meta":{"_acf_changed":false,"footnotes":""},"categories":[1931,43],"tags":[108,411,69,114,412,410,141,72,413],"class_list":["post-6789","post","type-post","status-publish","format-standard","has-post-thumbnail","hentry","category-anterior","category-noticias","tag-conference","tag-congress","tag-easy-tv","tag-engineering","tag-fandango","tag-nem-initiave","tag-nem-summit","tag-upm","tag-vital-media"],"acf":[],"_links":{"self":[{"href":"https:\/\/www.gatv.ssr.upm.es\/index.php\/wp-json\/wp\/v2\/posts\/6789","targetHints":{"allow":["GET"]}}],"collection":[{"href":"https:\/\/www.gatv.ssr.upm.es\/index.php\/wp-json\/wp\/v2\/posts"}],"about":[{"href":"https:\/\/www.gatv.ssr.upm.es\/index.php\/wp-json\/wp\/v2\/types\/post"}],"author":[{"embeddable":true,"href":"https:\/\/www.gatv.ssr.upm.es\/index.php\/wp-json\/wp\/v2\/users\/4"}],"replies":[{"embeddable":true,"href":"https:\/\/www.gatv.ssr.upm.es\/index.php\/wp-json\/wp\/v2\/comments?post=6789"}],"version-history":[{"count":5,"href":"https:\/\/www.gatv.ssr.upm.es\/index.php\/wp-json\/wp\/v2\/posts\/6789\/revisions"}],"predecessor-version":[{"id":9325,"href":"https:\/\/www.gatv.ssr.upm.es\/index.php\/wp-json\/wp\/v2\/posts\/6789\/revisions\/9325"}],"wp:featuredmedia":[{"embeddable":true,"href":"https:\/\/www.gatv.ssr.upm.es\/index.php\/wp-json\/wp\/v2\/media\/6776"}],"wp:attachment":[{"href":"https:\/\/www.gatv.ssr.upm.es\/index.php\/wp-json\/wp\/v2\/media?parent=6789"}],"wp:term":[{"taxonomy":"category","embeddable":true,"href":"https:\/\/www.gatv.ssr.upm.es\/index.php\/wp-json\/wp\/v2\/categories?post=6789"},{"taxonomy":"post_tag","embeddable":true,"href":"https:\/\/www.gatv.ssr.upm.es\/index.php\/wp-json\/wp\/v2\/tags?post=6789"}],"curies":[{"name":"wp","href":"https:\/\/api.w.org\/{rel}","templated":true}]}}