{"id":6912,"date":"2019-06-07T09:00:01","date_gmt":"2019-06-07T07:00:01","guid":{"rendered":"http:\/\/www.gatv.ssr.upm.es\/?p=6912"},"modified":"2023-02-10T12:58:36","modified_gmt":"2023-02-10T10:58:36","slug":"nueva-sesion-de-pruebas-del-piloto-5g-en-el-entorno-de-la-catedra-rtve-etsit-upm-madrid-7-de-junio-de-2019","status":"publish","type":"post","link":"https:\/\/www.gatv.ssr.upm.es\/index.php\/2019\/06\/07\/nueva-sesion-de-pruebas-del-piloto-5g-en-el-entorno-de-la-catedra-rtve-etsit-upm-madrid-7-de-junio-de-2019\/","title":{"rendered":"Nueva sesi\u00f3n de pruebas del piloto 5G en el entorno de la C\u00e1tedra RTVE, ETSIT-UPM, Madrid, 7 de junio de 2019"},"content":{"rendered":"<div style=\"text-align: justify;\">\n<p>El pasado viernes 7 de junio tuvo lugar una nueva reuni\u00f3n del piloto 5G de la <a href=\"http:\/\/catedra.rtve.etsit.upm.es\/\">C\u00e1tedra RTVE<\/a> en la Escuela Superior de Ingenieros de Telecomunicaci\u00f3n de la Universidad Polit\u00e9cnica de Madrid. En dicha reuni\u00f3n, se cont\u00f3 con la realizaci\u00f3n de una nueva bater\u00eda de pruebas en el entorno de la producci\u00f3n remota de audio y v\u00eddeo, a trav\u00e9s de la integraci\u00f3n de diversos desarrollos.<\/p>\n<div id=\"attachment_6876\" style=\"width: 1034px\" class=\"wp-caption aligncenter\"><a href=\"https:\/\/www.gatv.ssr.upm.es\/wp-content\/uploads\/2019\/06\/WhatsApp-Image-2019-06-07-at-12.03.03.jpeg\"><img loading=\"lazy\" decoding=\"async\" aria-describedby=\"caption-attachment-6876\" class=\"size-full wp-image-6876\" src=\"https:\/\/www.gatv.ssr.upm.es\/wp-content\/uploads\/2019\/06\/WhatsApp-Image-2019-06-07-at-12.03.03.jpeg\" alt=\"Equipo de trabajo del piloto 5G\" width=\"1024\" height=\"768\" srcset=\"https:\/\/www.gatv.ssr.upm.es\/wp-content\/uploads\/2019\/06\/WhatsApp-Image-2019-06-07-at-12.03.03.jpeg 1024w, https:\/\/www.gatv.ssr.upm.es\/wp-content\/uploads\/2019\/06\/WhatsApp-Image-2019-06-07-at-12.03.03-300x225.jpeg 300w, https:\/\/www.gatv.ssr.upm.es\/wp-content\/uploads\/2019\/06\/WhatsApp-Image-2019-06-07-at-12.03.03-768x576.jpeg 768w, https:\/\/www.gatv.ssr.upm.es\/wp-content\/uploads\/2019\/06\/WhatsApp-Image-2019-06-07-at-12.03.03-705x529.jpeg 705w, https:\/\/www.gatv.ssr.upm.es\/wp-content\/uploads\/2019\/06\/WhatsApp-Image-2019-06-07-at-12.03.03-450x338.jpeg 450w\" sizes=\"auto, (max-width: 1024px) 100vw, 1024px\" \/><\/a><p id=\"caption-attachment-6876\" class=\"wp-caption-text\">Equipo de trabajo del piloto 5G<\/p><\/div>\n<p>A la reuni\u00f3n asistieron representantes de las diferentes entidades implicadas en la C\u00e1tedra RTVE, entre ellos, Gabriel Solsona de RTVE o Juanjo Anaya de Sapec. Por parte de la UPM asistieron Jos\u00e9 Manuel Men\u00e9ndez, director de la C\u00e1tedra, as\u00ed como David Jim\u00e9nez, \u00c1lvaro Llorente y Javier Serrano, que realizaron el montaje del equipamiento necesario para el funcionamiento de las demostradores.<\/p>\n<p><a href=\"https:\/\/www.gatv.ssr.upm.es\/wp-content\/uploads\/2019\/06\/faldon_catedrartve-1.png\"><img loading=\"lazy\" decoding=\"async\" class=\"aligncenter size-full wp-image-6900\" src=\"https:\/\/www.gatv.ssr.upm.es\/wp-content\/uploads\/2019\/06\/faldon_catedrartve-1.png\" alt=\"\" width=\"1553\" height=\"106\" srcset=\"https:\/\/www.gatv.ssr.upm.es\/wp-content\/uploads\/2019\/06\/faldon_catedrartve-1.png 1553w, https:\/\/www.gatv.ssr.upm.es\/wp-content\/uploads\/2019\/06\/faldon_catedrartve-1-300x20.png 300w, https:\/\/www.gatv.ssr.upm.es\/wp-content\/uploads\/2019\/06\/faldon_catedrartve-1-768x52.png 768w, https:\/\/www.gatv.ssr.upm.es\/wp-content\/uploads\/2019\/06\/faldon_catedrartve-1-1024x70.png 1024w, https:\/\/www.gatv.ssr.upm.es\/wp-content\/uploads\/2019\/06\/faldon_catedrartve-1-1500x102.png 1500w, https:\/\/www.gatv.ssr.upm.es\/wp-content\/uploads\/2019\/06\/faldon_catedrartve-1-705x48.png 705w, https:\/\/www.gatv.ssr.upm.es\/wp-content\/uploads\/2019\/06\/faldon_catedrartve-1-450x31.png 450w\" sizes=\"auto, (max-width: 1553px) 100vw, 1553px\" \/><\/a><\/p>\n<hr>\n<\/div>\n","protected":false},"excerpt":{"rendered":"<p>El pasado viernes 7 de junio tuvo lugar una nueva reuni\u00f3n del piloto 5G de la C\u00e1tedra RTVE en la Escuela Superior de Ingenieros de Telecomunicaci\u00f3n de la Universidad Polit\u00e9cnica de Madrid. En dicha reuni\u00f3n, se cont\u00f3 con la realizaci\u00f3n de una nueva bater\u00eda de pruebas en el entorno de la producci\u00f3n remota de audio [&hellip;]<\/p>\n","protected":false},"author":4,"featured_media":6906,"comment_status":"closed","ping_status":"open","sticky":false,"template":"","format":"standard","meta":{"_acf_changed":false,"footnotes":""},"categories":[1931,43],"tags":[],"class_list":["post-6912","post","type-post","status-publish","format-standard","has-post-thumbnail","hentry","category-anterior","category-noticias"],"acf":[],"_links":{"self":[{"href":"https:\/\/www.gatv.ssr.upm.es\/index.php\/wp-json\/wp\/v2\/posts\/6912","targetHints":{"allow":["GET"]}}],"collection":[{"href":"https:\/\/www.gatv.ssr.upm.es\/index.php\/wp-json\/wp\/v2\/posts"}],"about":[{"href":"https:\/\/www.gatv.ssr.upm.es\/index.php\/wp-json\/wp\/v2\/types\/post"}],"author":[{"embeddable":true,"href":"https:\/\/www.gatv.ssr.upm.es\/index.php\/wp-json\/wp\/v2\/users\/4"}],"replies":[{"embeddable":true,"href":"https:\/\/www.gatv.ssr.upm.es\/index.php\/wp-json\/wp\/v2\/comments?post=6912"}],"version-history":[{"count":2,"href":"https:\/\/www.gatv.ssr.upm.es\/index.php\/wp-json\/wp\/v2\/posts\/6912\/revisions"}],"predecessor-version":[{"id":9322,"href":"https:\/\/www.gatv.ssr.upm.es\/index.php\/wp-json\/wp\/v2\/posts\/6912\/revisions\/9322"}],"wp:featuredmedia":[{"embeddable":true,"href":"https:\/\/www.gatv.ssr.upm.es\/index.php\/wp-json\/wp\/v2\/media\/6906"}],"wp:attachment":[{"href":"https:\/\/www.gatv.ssr.upm.es\/index.php\/wp-json\/wp\/v2\/media?parent=6912"}],"wp:term":[{"taxonomy":"category","embeddable":true,"href":"https:\/\/www.gatv.ssr.upm.es\/index.php\/wp-json\/wp\/v2\/categories?post=6912"},{"taxonomy":"post_tag","embeddable":true,"href":"https:\/\/www.gatv.ssr.upm.es\/index.php\/wp-json\/wp\/v2\/tags?post=6912"}],"curies":[{"name":"wp","href":"https:\/\/api.w.org\/{rel}","templated":true}]}}