{"id":9245,"date":"2023-01-11T17:21:00","date_gmt":"2023-01-11T15:21:00","guid":{"rendered":"https:\/\/www.gatv.ssr.upm.es\/?p=9245"},"modified":"2023-02-13T17:34:17","modified_gmt":"2023-02-13T15:34:17","slug":"el-5g-y-la-ultra-alta-definicion-protagonistas-en-el-nuevo-encuentro-de-uhd-spain","status":"publish","type":"post","link":"https:\/\/www.gatv.ssr.upm.es\/index.php\/2023\/01\/11\/el-5g-y-la-ultra-alta-definicion-protagonistas-en-el-nuevo-encuentro-de-uhd-spain\/","title":{"rendered":"El 5G y la Ultra Alta Definici\u00f3n, protagonistas en el nuevo encuentro de UHD Spain"},"content":{"rendered":"\n<style type=\"text\/css\" data-created_by=\"avia_inline_auto\" id=\"style-css-av-88n7kt-a3a3af8324b5ff30b3649ddf79da6269\">\n.flex_column.av-88n7kt-a3a3af8324b5ff30b3649ddf79da6269{\npadding:0 200px 0 200px;\n}\n<\/style>\n<div class='flex_column av-88n7kt-a3a3af8324b5ff30b3649ddf79da6269 av_one_full  avia-builder-el-0  el_before_av_one_half  avia-builder-el-first  first flex_column_div '   ><p>\n<style type=\"text\/css\" data-created_by=\"avia_inline_auto\" id=\"style-css-av-5pftf1-8799d2437e2f72d58dfa3c9368b2e843\">\n#top .hr.av-5pftf1-8799d2437e2f72d58dfa3c9368b2e843{\nmargin-top:0px;\nmargin-bottom:15px;\n}\n.hr.av-5pftf1-8799d2437e2f72d58dfa3c9368b2e843 .hr-inner{\nwidth:80px;\nborder-color:#4ecac2;\nmax-width:45%;\n}\n.hr.av-5pftf1-8799d2437e2f72d58dfa3c9368b2e843 .av-seperator-icon{\ncolor:#4ecac2;\n}\n<\/style>\n<div  class='hr av-5pftf1-8799d2437e2f72d58dfa3c9368b2e843 hr-custom  avia-builder-el-1  el_before_av_heading  avia-builder-el-first  hr-center hr-icon-yes'><span class='hr-inner inner-border-av-border-thin'><span class=\"hr-inner-style\"><\/span><\/span><span class='av-seperator-icon' aria-hidden='true' data-av_icon='\ue84d' data-av_iconfont='entypo-fontello'><\/span><span class='hr-inner inner-border-av-border-thin'><span class=\"hr-inner-style\"><\/span><\/span><\/div><br \/>\n\n<style type=\"text\/css\" data-created_by=\"avia_inline_auto\" id=\"style-css-av-le2ymrdi-62c8a7dbe1b790494b6cae0044007e3d\">\n#top .av-special-heading.av-le2ymrdi-62c8a7dbe1b790494b6cae0044007e3d{\npadding-bottom:10px;\n}\nbody .av-special-heading.av-le2ymrdi-62c8a7dbe1b790494b6cae0044007e3d .av-special-heading-tag .heading-char{\nfont-size:25px;\n}\n.av-special-heading.av-le2ymrdi-62c8a7dbe1b790494b6cae0044007e3d .av-subheading{\nfont-size:15px;\n}\n<\/style>\n<div  class='av-special-heading av-le2ymrdi-62c8a7dbe1b790494b6cae0044007e3d av-special-heading-h3 blockquote modern-quote modern-centered  avia-builder-el-2  el_after_av_hr  avia-builder-el-last '><h3 class='av-special-heading-tag'  itemprop=\"headline\"  >El 5G y la Ultra Alta Definici\u00f3n, protagonistas en el nuevo encuentro de UHD Spain<\/h3><div class='av-subheading av-subheading_below'><p>Jordi J. Gim\u00e9nez, Head of Technology 5G-MAG, comparti\u00f3 con los miembros de UHD Spain el trabajo de la asociaci\u00f3n sobre las aplicaciones multimedia a trav\u00e9s de las redes de comunicaci\u00f3n del futuro, como el 5G<\/p>\n<\/div><div class=\"special-heading-border\"><div class=\"special-heading-inner-border\"><\/div><\/div><\/div><\/p><\/div>\n<style type=\"text\/css\" data-created_by=\"avia_inline_auto\" id=\"style-css-av-3zslfx-b977ec34c3638feaa5cedd5e96b3ce14\">\n.flex_column.av-3zslfx-b977ec34c3638feaa5cedd5e96b3ce14{\npadding:0 0 0 200px;\n}\n<\/style>\n<div class='flex_column av-3zslfx-b977ec34c3638feaa5cedd5e96b3ce14 av_one_half  avia-builder-el-3  el_after_av_one_full  el_before_av_one_half  first flex_column_div column-top-margin'   ><style type=\"text\/css\" data-created_by=\"avia_inline_auto\" id=\"style-css-av-le2ylfqn-a6c86a1621fd6e8d18ce4af2bbda28dd\">\n.avia-image-container.av-le2ylfqn-a6c86a1621fd6e8d18ce4af2bbda28dd .av-image-caption-overlay-center{\ncolor:#ffffff;\n}\n<\/style>\n<div  class='avia-image-container av-le2ylfqn-a6c86a1621fd6e8d18ce4af2bbda28dd av-styling- avia-align-center  avia-builder-el-4  avia-builder-el-no-sibling '  itemprop=\"image\" itemscope=\"itemscope\" itemtype=\"https:\/\/schema.org\/ImageObject\" ><div class=\"avia-image-container-inner\"><div class=\"avia-image-overlay-wrap\"><img decoding=\"async\" class='wp-image-9246 avia-img-lazy-loading-not-9246 avia_image' src=\"https:\/\/www.gatv.ssr.upm.es\/wp-content\/uploads\/2023\/02\/74c3fc6f-cf84-9de5-a030-0529ee1e851a-705x381.jpg\" alt='' title='Digital technology worldwide global network internet connection colorful background, Abstract cyber tech futuristic, Shape blue purple pink orange light, Ai big data Innovation, illustration vector'  height=\"381\" width=\"705\"  itemprop=\"thumbnailUrl\" srcset=\"https:\/\/www.gatv.ssr.upm.es\/wp-content\/uploads\/2023\/02\/74c3fc6f-cf84-9de5-a030-0529ee1e851a-705x381.jpg 705w, https:\/\/www.gatv.ssr.upm.es\/wp-content\/uploads\/2023\/02\/74c3fc6f-cf84-9de5-a030-0529ee1e851a-300x162.jpg 300w, https:\/\/www.gatv.ssr.upm.es\/wp-content\/uploads\/2023\/02\/74c3fc6f-cf84-9de5-a030-0529ee1e851a-1030x557.jpg 1030w, https:\/\/www.gatv.ssr.upm.es\/wp-content\/uploads\/2023\/02\/74c3fc6f-cf84-9de5-a030-0529ee1e851a-768x415.jpg 768w, https:\/\/www.gatv.ssr.upm.es\/wp-content\/uploads\/2023\/02\/74c3fc6f-cf84-9de5-a030-0529ee1e851a.jpg 1304w\" sizes=\"(max-width: 705px) 100vw, 705px\" \/><\/div><\/div><\/div><\/div><\/p>\n\n<style type=\"text\/css\" data-created_by=\"avia_inline_auto\" id=\"style-css-av-2ohx59-29eda6c5c8f6a90b0ba5b3b9106e24e9\">\n.flex_column.av-2ohx59-29eda6c5c8f6a90b0ba5b3b9106e24e9{\npadding:0 200px 0 0;\n}\n<\/style>\n<div class='flex_column av-2ohx59-29eda6c5c8f6a90b0ba5b3b9106e24e9 av_one_half  avia-builder-el-5  el_after_av_one_half  avia-builder-el-last  flex_column_div column-top-margin'   ><section  class='av_textblock_section av-ldudsgcc-3c178365f971ea7816b592b15788ea48'  itemscope=\"itemscope\" itemtype=\"https:\/\/schema.org\/BlogPosting\" itemprop=\"blogPost\" ><div class='avia_textblock'  itemprop=\"text\" ><p>M\u00e1s informaci\u00f3n:<\/p>\n<p><a href=\"https:\/\/mailchi.mp\/0379d3086626\/el-5g-y-la-ultra-alta-definicion-protagonistas-en-el-nuevo-encuentro-de-uhd-spain?e=65f6bbc9c8\" target=\"_blank\" rel=\"noopener\">https:\/\/mailchi.mp\/0379d3086626\/el-5g-y-la-ultra-alta-definicion-protagonistas-en-el-nuevo-encuentro-de-uhd-spain?e=65f6bbc9c8<\/a><\/p>\n<\/div><\/section><\/div>\n","protected":false},"excerpt":{"rendered":"","protected":false},"author":3,"featured_media":9247,"comment_status":"closed","ping_status":"open","sticky":false,"template":"","format":"standard","meta":{"_acf_changed":false,"footnotes":""},"categories":[1879],"tags":[],"class_list":["post-9245","post","type-post","status-publish","format-standard","has-post-thumbnail","hentry","category-espanol"],"acf":[],"_links":{"self":[{"href":"https:\/\/www.gatv.ssr.upm.es\/index.php\/wp-json\/wp\/v2\/posts\/9245","targetHints":{"allow":["GET"]}}],"collection":[{"href":"https:\/\/www.gatv.ssr.upm.es\/index.php\/wp-json\/wp\/v2\/posts"}],"about":[{"href":"https:\/\/www.gatv.ssr.upm.es\/index.php\/wp-json\/wp\/v2\/types\/post"}],"author":[{"embeddable":true,"href":"https:\/\/www.gatv.ssr.upm.es\/index.php\/wp-json\/wp\/v2\/users\/3"}],"replies":[{"embeddable":true,"href":"https:\/\/www.gatv.ssr.upm.es\/index.php\/wp-json\/wp\/v2\/comments?post=9245"}],"version-history":[{"count":7,"href":"https:\/\/www.gatv.ssr.upm.es\/index.php\/wp-json\/wp\/v2\/posts\/9245\/revisions"}],"predecessor-version":[{"id":9401,"href":"https:\/\/www.gatv.ssr.upm.es\/index.php\/wp-json\/wp\/v2\/posts\/9245\/revisions\/9401"}],"wp:featuredmedia":[{"embeddable":true,"href":"https:\/\/www.gatv.ssr.upm.es\/index.php\/wp-json\/wp\/v2\/media\/9247"}],"wp:attachment":[{"href":"https:\/\/www.gatv.ssr.upm.es\/index.php\/wp-json\/wp\/v2\/media?parent=9245"}],"wp:term":[{"taxonomy":"category","embeddable":true,"href":"https:\/\/www.gatv.ssr.upm.es\/index.php\/wp-json\/wp\/v2\/categories?post=9245"},{"taxonomy":"post_tag","embeddable":true,"href":"https:\/\/www.gatv.ssr.upm.es\/index.php\/wp-json\/wp\/v2\/tags?post=9245"}],"curies":[{"name":"wp","href":"https:\/\/api.w.org\/{rel}","templated":true}]}}